{"id":13455,"date":"2020-11-04T11:39:00","date_gmt":"2020-11-04T14:39:00","guid":{"rendered":"https:\/\/www.ifbaiano.edu.br\/unidades\/santaines\/?p=13455"},"modified":"2020-11-04T11:39:27","modified_gmt":"2020-11-04T14:39:27","slug":"campus-santa-ines-divulga-informacoes-sobre-auxilio-emergencial","status":"publish","type":"post","link":"https:\/\/www.ifbaiano.edu.br\/unidades\/santaines\/campus-santa-ines-divulga-informacoes-sobre-auxilio-emergencial\/","title":{"rendered":"Campus Santa In\u00eas divulga informa\u00e7\u00f5es sobre Aux\u00edlio Emergencial"},"content":{"rendered":"\n<p>A Comiss\u00e3o Local de Assist\u00eancia Estudantil do <em>Campus<\/em> Santa In\u00eas, torna p\u00fablica a lista dos selecionados no Aux\u00edlio Emergencial, regulamentado pela <a href=\"https:\/\/ifbaiano.edu.br\/portal\/wp-content\/uploads\/2020\/04\/Resolu%C3%A7%C3%A3o-65_2020-OS-CONSUP_IFBAIANO.pdf\">Resolu\u00e7\u00e3o 65\/2020, de 27 de abril de 2020<\/a>.   <\/p>\n\n\n\n<p>A\nsele\u00e7\u00e3o dos contemplados teve como crit\u00e9rio a vulnerabilidade\nsocioecon\u00f4mica dos discentes adotando as orienta\u00e7\u00f5es definidas na\nResolu\u00e7\u00e3o:<\/p>\n\n\n\n<p>1.\nEstudantes que conclu\u00edram todas as etapas da sele\u00e7\u00e3o do PAISE\n2019. \n<\/p>\n\n\n\n<p>2.\nAlunos ingressantes em 2020 &#8211; modalidade de ingresso, com renda per\ncapita bruta de  at\u00e9 1,5 sal\u00e1rios m\u00ednimo mensal (cotistas).<\/p>\n\n\n\n<p>O <em>Campus<\/em> Santa In\u00eas reservou 15% do recurso de custeio da Assist\u00eancia Estudantil para o Aux\u00edlio Emergencial, conforme sugest\u00e3o da referida resolu\u00e7\u00e3o, totalizando R$ 154.560,00. Ao todo, 644 vagas foram disponibilizadas, n\u00e3o havendo necessidade de realizar uma inscri\u00e7\u00e3o. Os alunos contemplados receber\u00e3o o aux\u00edlio de R$ 120,00, por dois meses, via conta banc\u00e1ria.  <\/p>\n\n\n\n<p>A Coordena\u00e7\u00e3o de Assuntos Estudantis (CAE) est\u00e1 orientando os estudantes selecionados sobre a abertura de conta. Os participantes do PAISE 2019, cujos dados banc\u00e1rios j\u00e1 se encontram no banco de dados da Assist\u00eancia Estudantil, n\u00e3o necessitar\u00e3o abrir conta.<\/p>\n\n\n\n<p>Veja aqui <strong><a href=\"https:\/\/www.ifbaiano.edu.br\/unidades\/serrinha\/files\/2020\/05\/Como-abrir-uma-conta-corrente-IF-Baiano.pdf\">Como abrir uma conta corrente \u2013 IF-Baiano<\/a><\/strong>  <\/p>\n\n\n\n<p>Ainda de acordo com a Resolu\u00e7\u00e3o, os alunos contemplados com o Aux\u00edlio Moradia 2020 n\u00e3o far\u00e3o jus ao Aux\u00edlio Emergencial.  <\/p>\n\n\n\n<p><strong>Veja, abaixo, estudantes selecionados:<\/strong> <\/p>\n\n\n\n<p><strong><a href=\"https:\/\/www.ifbaiano.edu.br\/unidades\/santaines\/files\/2020\/05\/Auxilio-Emergencial-Vagas.pdf\">Aux\u00edlio Emergencial &#8211; Vagas<\/a><\/strong><\/p>\n\n\n\n<p><strong><a href=\"https:\/\/www.ifbaiano.edu.br\/unidades\/santaines\/files\/2020\/05\/Selecionados-2019-Aux\u00edlio-Emergencial.pdf\">Estudantes selecionados pelo PAISE 2019<\/a><\/strong><\/p>\n\n\n\n<p><strong><a href=\"https:\/\/www.ifbaiano.edu.br\/unidades\/santaines\/files\/2020\/05\/Estudantes-2020-Selecionados-Aux\u00edlio-Emergencial.pdf\">Estudantes Ingressantes 2020 atrav\u00e9s de cotas com renda per capita de at\u00e9 um sal\u00e1rio m\u00ednimo e meio.<\/a><\/strong><\/p>\n\n\n\n<p><strong><a href=\"https:\/\/www.ifbaiano.edu.br\/unidades\/santaines\/files\/2020\/05\/Resultado-de-Recurso.pdf\">Resultado do Recurso analisado pela Coordena\u00e7\u00e3o de Assuntos Estudantis (CAE)<\/a><\/strong><\/p>\n\n\n\n<p><strong><a href=\"https:\/\/www.ifbaiano.edu.br\/unidades\/santaines\/files\/2020\/05\/AUXILIO-EMERGENCIAL-2020-LISTA-FINAL.pdf\">Lista Final de Estudantes Contemplados com o Aux\u00edlio Emergencial<\/a><\/strong> (novo)<\/p>\n\n\n\n<p>De acordo com o Artigo 8\u00ba da Resolu\u00e7\u00e3o, os discentes que n\u00e3o forem contemplados e que possu\u00edrem o perfil estabelecido na resolu\u00e7\u00e3o, poder\u00e3o apresentar recurso em at\u00e9 48 horas, enviando e-mail para <a href=\"mailto:dgae@ifbaiano.edu.br\">dgae@ifbaiano.edu.br<\/a>, constando seu nome, CPF, curso, <em>campus<\/em> e detalhamento do motivo do recurso.   <\/p>\n\n\n\n<p>Os estudantes que n\u00e3o tiverem conta e precisarem de orienta\u00e7\u00e3o, poder\u00e3o entrar em contato com a CAE pelo e-mail&nbsp; <a href=\"mailto:dgae@ifbaiano.edu.br\">dgae@ifbaiano.edu.br<\/a> &nbsp;ou pelo telefone (73) 98144-6257 (WhatsApp) .<\/p>\n\n\n\n<hr class=\"wp-block-separator\" \/>\n\n\n\n<p>Nova oportunidade para estudantes n\u00e3o contemplados com o Aux\u00edlio Emergencial. Para receber tr\u00eas parcelas no valor de R$ 120,00 \u00e9 necess\u00e1rio possuir o Cadastro \u00fanico (CAD \u00danico). <\/p>\n\n\n\n<p>O Cadastro \u00danico \u00e9 um conjunto de informa\u00e7\u00f5es (utilizadas pelo Governo Federal, pelos Estados e pelos munic\u00edpios para implementa\u00e7\u00e3o de pol\u00edticas p\u00fablicas capazes de promover a melhoria da vida dessas fam\u00edlias) sobre as fam\u00edlias brasileiras em situa\u00e7\u00e3o de pobreza e extrema pobreza.<\/p>\n\n\n\n<p>Veja o cronograma para a pr\u00f3xima sele\u00e7\u00e3o:<\/p>\n\n\n\n<figure class=\"wp-block-image size-large\"><img decoding=\"async\" loading=\"lazy\" width=\"1080\" height=\"1080\" src=\"https:\/\/www.ifbaiano.edu.br\/unidades\/santaines\/files\/2020\/10\/16ed6405-ee56-4b2f-84a0-2526115c1fca.jpg\" alt=\"\" class=\"wp-image-14129\" \/><\/figure>\n\n\n\n<p>Em caso de d\u00favidas, entre em contato com a clae@si.ifbaiano.edu.br.<\/p>\n\n\n\n<hr class=\"wp-block-separator\" \/>\n\n\n\n<p><strong><a href=\"https:\/\/www.ifbaiano.edu.br\/unidades\/santaines\/files\/2020\/10\/2\u00aa-chamada-Aux\u00edlio-Emergencial-Pre-selecionados.pdf\">CLIQUE AQUI<\/a><\/strong> para acesso a rela\u00e7\u00e3o dos pr\u00e9-selecionados para a 2\u00aa chamada do Aux\u00edlio Emergencial (3 parcelas). <\/p>\n\n\n\n<p>Conforme cronograma, os recursos dever\u00e3o ser encaminhados dia <strong>20 de outubro<\/strong> para o e-mail <a href=\"mailto:clae@si.ifbaiano.edu.br\">clae@si.ifbaiano.edu.br<\/a>, das 8h \u00e0s 17h. <\/p>\n\n\n\n<p>Demais informa\u00e7\u00f5es constam no pr\u00f3prio documento &#8220;rela\u00e7\u00e3o dos pr\u00e9-selecionados&#8221;. <\/p>\n\n\n\n<hr class=\"wp-block-separator\" \/>\n\n\n\n<p>Para acesso a lista definitiva dos(as) selecionados(as) para a 2\u00aa chamada do Aux\u00edlio Emergencial (3 parcelas) &#8211; (selecionados p\u00f3s-recurso) <strong><a href=\"https:\/\/www.ifbaiano.edu.br\/unidades\/santaines\/files\/2020\/10\/2\u00aa-chamada-Aux\u00edlio-Emergencial-Selecionados_-Lista-Definitiva.pdf\">CLIQUE AQUI<\/a><\/strong><\/p>\n\n\n\n<hr class=\"wp-block-separator\" \/>\n\n\n\n<p>Divulga\u00e7\u00e3o da <strong><a href=\"https:\/\/www.ifbaiano.edu.br\/unidades\/santaines\/files\/2020\/11\/AUXILIO-EMERGENCIAL-RENOVACAO-2020.pdf\">lista de estudantes que recebem aux\u00edlio emergencial e que fizeram a renova\u00e7\u00e3o do cadastro em outubro de 2020.<\/a><\/strong> <\/p>\n\n\n\n<p>Estes estudantes, ao se inscreverem nos editais dos aux\u00edlios digitais, s\u00f3 precisar\u00e3o enviar a declara\u00e7\u00e3o exigida pelo edital, sendo dispensados dos demais documentos.<\/p>\n\n\n\n<hr class=\"wp-block-separator\" \/>\n\n\n\n<p>Comiss\u00e3o Local de Assist\u00eancia Estudantil<\/p>\n\n\n\n<p>IF Baiano <em>Campus<\/em> Santa In\u00eas<\/p>\n","protected":false},"excerpt":{"rendered":"<p>.<\/p>\n","protected":false},"author":86,"featured_media":13443,"comment_status":"closed","ping_status":"closed","sticky":false,"template":"","format":"standard","meta":[],"categories":[4,5,10,57],"tags":[],"_links":{"self":[{"href":"https:\/\/www.ifbaiano.edu.br\/unidades\/santaines\/wp-json\/wp\/v2\/posts\/13455"}],"collection":[{"href":"https:\/\/www.ifbaiano.edu.br\/unidades\/santaines\/wp-json\/wp\/v2\/posts"}],"about":[{"href":"https:\/\/www.ifbaiano.edu.br\/unidades\/santaines\/wp-json\/wp\/v2\/types\/post"}],"author":[{"embeddable":true,"href":"https:\/\/www.ifbaiano.edu.br\/unidades\/santaines\/wp-json\/wp\/v2\/users\/86"}],"replies":[{"embeddable":true,"href":"https:\/\/www.ifbaiano.edu.br\/unidades\/santaines\/wp-json\/wp\/v2\/comments?post=13455"}],"version-history":[{"count":9,"href":"https:\/\/www.ifbaiano.edu.br\/unidades\/santaines\/wp-json\/wp\/v2\/posts\/13455\/revisions"}],"predecessor-version":[{"id":14209,"href":"https:\/\/www.ifbaiano.edu.br\/unidades\/santaines\/wp-json\/wp\/v2\/posts\/13455\/revisions\/14209"}],"wp:featuredmedia":[{"embeddable":true,"href":"https:\/\/www.ifbaiano.edu.br\/unidades\/santaines\/wp-json\/wp\/v2\/media\/13443"}],"wp:attachment":[{"href":"https:\/\/www.ifbaiano.edu.br\/unidades\/santaines\/wp-json\/wp\/v2\/media?parent=13455"}],"wp:term":[{"taxonomy":"category","embeddable":true,"href":"https:\/\/www.ifbaiano.edu.br\/unidades\/santaines\/wp-json\/wp\/v2\/categories?post=13455"},{"taxonomy":"post_tag","embeddable":true,"href":"https:\/\/www.ifbaiano.edu.br\/unidades\/santaines\/wp-json\/wp\/v2\/tags?post=13455"}],"curies":[{"name":"wp","href":"https:\/\/api.w.org\/{rel}","templated":true}]}}