{"id":1348,"date":"2012-03-08T17:49:28","date_gmt":"2012-03-08T20:49:28","guid":{"rendered":"http:\/\/www.ifbaiano.edu.br\/unidades\/santaines\/?p=1348"},"modified":"2012-03-08T17:49:28","modified_gmt":"2012-03-08T20:49:28","slug":"censo-if-baiano","status":"publish","type":"post","link":"https:\/\/www.ifbaiano.edu.br\/unidades\/santaines\/censo-if-baiano\/","title":{"rendered":"Censo IF Baiano"},"content":{"rendered":"<p style=\"text-align: justify\">O IF Baiano realizar\u00e1 o seu primeiro censo, cuja a finalidade \u00e9 a atualiza\u00e7\u00e3o dos dados cadastrais e funcionais de todos os servidores. Todo o processo ser\u00e1 on-line atrav\u00e9s do site: <a href=\"http:\/\/censo.ifbaiano.edu.br\/\" target=\"_blank\">http:\/\/censo.ifbaiano.edu.br<\/a> no per\u00edodo de 07\/03\/2012 a 13\/04\/2012. P\u00fablico-alvo: Servidores T\u00e9cnicos-Administrativos e Docentes lotados na reitoria e nos c\u00e2mpus, cujo exerc\u00edcio iniciou-se at\u00e9 agosto de 2011.<\/p>\n<p style=\"text-align: justify\"><span style=\"color: #0000ff\"><a href=\"http:\/\/www.ifbaiano.edu.br\/unidades\/santaines\/files\/2012\/03\/Cartaz.pdf\" target=\"_blank\"><span style=\"color: #0000ff\">Confira o cartaz aqui<\/span><\/a><\/span><\/p>\n<p><span style=\"color: #0000ff\"><a href=\"http:\/\/www.ifbaiano.edu.br\/unidades\/santaines\/files\/2012\/03\/Oficio-n-25.pdf\"><span style=\"color: #0000ff\">Confira o of\u00edcio aqui <\/span><\/a><\/span><\/p>\n","protected":false},"excerpt":{"rendered":"<p>O IF Baiano realizar\u00e1 o seu primeiro censo, cuja a finalidade \u00e9 a atualiza\u00e7\u00e3o dos dados cadastrais e funcionais de todos os servidores. Todo o processo ser\u00e1 on-line atrav\u00e9s do site: http:\/\/censo.ifbaiano.edu.br no per\u00edodo de 07\/03\/2012 a 13\/04\/2012. P\u00fablico-alvo: Servidores T\u00e9cnicos-Administrativos e Docentes lotados na reitoria e nos c\u00e2mpus, cujo exerc\u00edcio iniciou-se at\u00e9 agosto de [&hellip;]<\/p>\n","protected":false},"author":26,"featured_media":0,"comment_status":"closed","ping_status":"closed","sticky":false,"template":"","format":"standard","meta":[],"categories":[5],"tags":[],"_links":{"self":[{"href":"https:\/\/www.ifbaiano.edu.br\/unidades\/santaines\/wp-json\/wp\/v2\/posts\/1348"}],"collection":[{"href":"https:\/\/www.ifbaiano.edu.br\/unidades\/santaines\/wp-json\/wp\/v2\/posts"}],"about":[{"href":"https:\/\/www.ifbaiano.edu.br\/unidades\/santaines\/wp-json\/wp\/v2\/types\/post"}],"author":[{"embeddable":true,"href":"https:\/\/www.ifbaiano.edu.br\/unidades\/santaines\/wp-json\/wp\/v2\/users\/26"}],"replies":[{"embeddable":true,"href":"https:\/\/www.ifbaiano.edu.br\/unidades\/santaines\/wp-json\/wp\/v2\/comments?post=1348"}],"version-history":[{"count":2,"href":"https:\/\/www.ifbaiano.edu.br\/unidades\/santaines\/wp-json\/wp\/v2\/posts\/1348\/revisions"}],"predecessor-version":[{"id":1353,"href":"https:\/\/www.ifbaiano.edu.br\/unidades\/santaines\/wp-json\/wp\/v2\/posts\/1348\/revisions\/1353"}],"wp:attachment":[{"href":"https:\/\/www.ifbaiano.edu.br\/unidades\/santaines\/wp-json\/wp\/v2\/media?parent=1348"}],"wp:term":[{"taxonomy":"category","embeddable":true,"href":"https:\/\/www.ifbaiano.edu.br\/unidades\/santaines\/wp-json\/wp\/v2\/categories?post=1348"},{"taxonomy":"post_tag","embeddable":true,"href":"https:\/\/www.ifbaiano.edu.br\/unidades\/santaines\/wp-json\/wp\/v2\/tags?post=1348"}],"curies":[{"name":"wp","href":"https:\/\/api.w.org\/{rel}","templated":true}]}}