{"id":13483,"date":"2020-05-19T16:53:44","date_gmt":"2020-05-19T19:53:44","guid":{"rendered":"https:\/\/www.ifbaiano.edu.br\/unidades\/santaines\/?p=13483"},"modified":"2020-05-19T16:53:44","modified_gmt":"2020-05-19T19:53:44","slug":"campus-santa-ines-distribui-sabao-a-familias-carentes-para-prevencao-a-covid-19","status":"publish","type":"post","link":"https:\/\/www.ifbaiano.edu.br\/unidades\/santaines\/campus-santa-ines-distribui-sabao-a-familias-carentes-para-prevencao-a-covid-19\/","title":{"rendered":"Campus Santa In\u00eas distribui sab\u00e3o a fam\u00edlias carentes para preven\u00e7\u00e3o \u00e0 Covid-19"},"content":{"rendered":"\n<p>Grupo formado por docentes, servidores t\u00e9cnicos e estudantes do IF Baiano tem distribu\u00eddo sab\u00e3o l\u00edquido produzido no <em>campus<\/em> Santa In\u00eas a fam\u00edlias carentes da regi\u00e3o para ajudar na preven\u00e7\u00e3o \u00e0 Covid-19. No \u00faltimo s\u00e1bado, 17, o grupo realizou a\u00e7\u00e3o junto \u00e0 Pastoral da Crian\u00e7a da cidade de Jaguaquara, entregando 270 frascos de sab\u00e3o a 150 fam\u00edlias.<\/p>\n\n\n\n<figure class=\"wp-block-gallery columns-3 is-cropped wp-block-gallery-1 is-layout-flex\"><ul class=\"blocks-gallery-grid\"><li class=\"blocks-gallery-item\"><figure><img decoding=\"async\" loading=\"lazy\" width=\"774\" height=\"1032\" src=\"https:\/\/www.ifbaiano.edu.br\/unidades\/santaines\/files\/2020\/05\/afc59152-1d96-470f-a76f-5e1a13d17394.jpg\" alt=\"\" data-id=\"13495\" data-full-url=\"https:\/\/www.ifbaiano.edu.br\/unidades\/santaines\/files\/2020\/05\/afc59152-1d96-470f-a76f-5e1a13d17394.jpg\" data-link=\"https:\/\/www.ifbaiano.edu.br\/unidades\/santaines\/afc59152-1d96-470f-a76f-5e1a13d17394\/\" class=\"wp-image-13495\" \/><\/figure><\/li><li class=\"blocks-gallery-item\"><figure><img decoding=\"async\" loading=\"lazy\" width=\"1024\" height=\"485\" src=\"https:\/\/www.ifbaiano.edu.br\/unidades\/santaines\/files\/2020\/05\/c85281d1-5b84-4372-a54d-c97d8fd313f2.jpg\" alt=\"\" data-id=\"13496\" data-full-url=\"https:\/\/www.ifbaiano.edu.br\/unidades\/santaines\/files\/2020\/05\/c85281d1-5b84-4372-a54d-c97d8fd313f2.jpg\" data-link=\"https:\/\/www.ifbaiano.edu.br\/unidades\/santaines\/c85281d1-5b84-4372-a54d-c97d8fd313f2\/\" class=\"wp-image-13496\" \/><\/figure><\/li><li class=\"blocks-gallery-item\"><figure><img decoding=\"async\" loading=\"lazy\" width=\"1024\" height=\"485\" src=\"https:\/\/www.ifbaiano.edu.br\/unidades\/santaines\/files\/2020\/05\/f864ff22-db32-44fe-be61-b428b00c857c.jpg\" alt=\"\" data-id=\"13502\" data-full-url=\"https:\/\/www.ifbaiano.edu.br\/unidades\/santaines\/files\/2020\/05\/f864ff22-db32-44fe-be61-b428b00c857c.jpg\" data-link=\"https:\/\/www.ifbaiano.edu.br\/unidades\/santaines\/f864ff22-db32-44fe-be61-b428b00c857c\/\" class=\"wp-image-13502\" \/><\/figure><\/li><\/ul><\/figure>\n\n\n\n<p>A entrega foi realizada pelo professor de qu\u00edmica, Valdinei Souza, a t\u00e9cninca em laborat\u00f3rio, Geisiane Santana, e a estudante do curso de Licenciatura em Ci\u00eancias Biol\u00f3gicas, Magn\u00f3lia Barreto. \u201cPara evitar aglomera\u00e7\u00e3o, n\u00f3s distribu\u00edmos o sab\u00e3o aos l\u00edderes comunit\u00e1rios da Pastoral para que entreguem diretamente \u00e0s fam\u00edlias que eles acompanham\u201d, explica o professor Valdinei.<\/p>\n\n\n\n<figure class=\"wp-block-gallery columns-3 is-cropped wp-block-gallery-3 is-layout-flex\"><ul class=\"blocks-gallery-grid\"><li class=\"blocks-gallery-item\"><figure><img decoding=\"async\" loading=\"lazy\" width=\"1280\" height=\"720\" src=\"https:\/\/www.ifbaiano.edu.br\/unidades\/santaines\/files\/2020\/05\/e82bb239-be34-4586-bd23-be83de0a33e7.jpg\" alt=\"\" data-id=\"13501\" data-full-url=\"https:\/\/www.ifbaiano.edu.br\/unidades\/santaines\/files\/2020\/05\/e82bb239-be34-4586-bd23-be83de0a33e7.jpg\" data-link=\"https:\/\/www.ifbaiano.edu.br\/unidades\/santaines\/e82bb239-be34-4586-bd23-be83de0a33e7\/\" class=\"wp-image-13501\" \/><\/figure><\/li><li class=\"blocks-gallery-item\"><figure><img decoding=\"async\" loading=\"lazy\" width=\"1280\" height=\"960\" src=\"https:\/\/www.ifbaiano.edu.br\/unidades\/santaines\/files\/2020\/05\/92b47a5a-10ca-4d66-b9ce-871cdbf1cdca.jpg\" alt=\"\" data-id=\"13490\" data-full-url=\"https:\/\/www.ifbaiano.edu.br\/unidades\/santaines\/files\/2020\/05\/92b47a5a-10ca-4d66-b9ce-871cdbf1cdca.jpg\" data-link=\"https:\/\/www.ifbaiano.edu.br\/unidades\/santaines\/92b47a5a-10ca-4d66-b9ce-871cdbf1cdca\/\" class=\"wp-image-13490\" \/><\/figure><\/li><li class=\"blocks-gallery-item\"><figure><img decoding=\"async\" loading=\"lazy\" width=\"1280\" height=\"720\" src=\"https:\/\/www.ifbaiano.edu.br\/unidades\/santaines\/files\/2020\/05\/cf233074-34fd-4ff9-88a2-e65aed513295.jpg\" alt=\"\" data-id=\"13498\" data-full-url=\"https:\/\/www.ifbaiano.edu.br\/unidades\/santaines\/files\/2020\/05\/cf233074-34fd-4ff9-88a2-e65aed513295.jpg\" data-link=\"https:\/\/www.ifbaiano.edu.br\/unidades\/santaines\/cf233074-34fd-4ff9-88a2-e65aed513295\/\" class=\"wp-image-13498\" \/><\/figure><\/li><\/ul><\/figure>\n\n\n\n<p>O munic\u00edpio de Uba\u00edra tamb\u00e9m foi contemplado com doa\u00e7\u00f5es de sab\u00e3o l\u00edquido. Os servidores Gilberto Muniz, diretor administrativo do <em>campus<\/em>, e Hugo Jos\u00e9 dos Santos, coordenador financeiro, entregaram \u00e0 Prefeitura Municipal de Uba\u00edra 200 frascos de sab\u00e3o l\u00edquido que far\u00e3o parte de kits de limpeza que a Prefeitura doar\u00e1 para fam\u00edlias em condi\u00e7\u00e3o de vulnerabilidade social. As pr\u00f3ximas cidades a serem contempladas com as entregas, durante a pandemia do novo coronav\u00edrus, s\u00e3o Mutu\u00edpe e Itaquara.<\/p>\n\n\n\n<figure class=\"wp-block-gallery columns-0 is-cropped wp-block-gallery-5 is-layout-flex\"><ul class=\"blocks-gallery-grid\"><\/ul><\/figure>\n","protected":false},"excerpt":{"rendered":"<p>.<\/p>\n","protected":false},"author":86,"featured_media":13494,"comment_status":"closed","ping_status":"closed","sticky":false,"template":"","format":"standard","meta":[],"categories":[4,10,57],"tags":[],"_links":{"self":[{"href":"https:\/\/www.ifbaiano.edu.br\/unidades\/santaines\/wp-json\/wp\/v2\/posts\/13483"}],"collection":[{"href":"https:\/\/www.ifbaiano.edu.br\/unidades\/santaines\/wp-json\/wp\/v2\/posts"}],"about":[{"href":"https:\/\/www.ifbaiano.edu.br\/unidades\/santaines\/wp-json\/wp\/v2\/types\/post"}],"author":[{"embeddable":true,"href":"https:\/\/www.ifbaiano.edu.br\/unidades\/santaines\/wp-json\/wp\/v2\/users\/86"}],"replies":[{"embeddable":true,"href":"https:\/\/www.ifbaiano.edu.br\/unidades\/santaines\/wp-json\/wp\/v2\/comments?post=13483"}],"version-history":[{"count":1,"href":"https:\/\/www.ifbaiano.edu.br\/unidades\/santaines\/wp-json\/wp\/v2\/posts\/13483\/revisions"}],"predecessor-version":[{"id":13504,"href":"https:\/\/www.ifbaiano.edu.br\/unidades\/santaines\/wp-json\/wp\/v2\/posts\/13483\/revisions\/13504"}],"wp:featuredmedia":[{"embeddable":true,"href":"https:\/\/www.ifbaiano.edu.br\/unidades\/santaines\/wp-json\/wp\/v2\/media\/13494"}],"wp:attachment":[{"href":"https:\/\/www.ifbaiano.edu.br\/unidades\/santaines\/wp-json\/wp\/v2\/media?parent=13483"}],"wp:term":[{"taxonomy":"category","embeddable":true,"href":"https:\/\/www.ifbaiano.edu.br\/unidades\/santaines\/wp-json\/wp\/v2\/categories?post=13483"},{"taxonomy":"post_tag","embeddable":true,"href":"https:\/\/www.ifbaiano.edu.br\/unidades\/santaines\/wp-json\/wp\/v2\/tags?post=13483"}],"curies":[{"name":"wp","href":"https:\/\/api.w.org\/{rel}","templated":true}]}}