{"id":13508,"date":"2020-05-21T11:09:16","date_gmt":"2020-05-21T14:09:16","guid":{"rendered":"https:\/\/www.ifbaiano.edu.br\/unidades\/santaines\/?p=13508"},"modified":"2020-05-21T11:10:30","modified_gmt":"2020-05-21T14:10:30","slug":"campus-santa-ines-faz-doacao-de-mascaras-e-protetores-faciais-para-profissionais-da-saude","status":"publish","type":"post","link":"https:\/\/www.ifbaiano.edu.br\/unidades\/santaines\/campus-santa-ines-faz-doacao-de-mascaras-e-protetores-faciais-para-profissionais-da-saude\/","title":{"rendered":"Campus Santa In\u00eas faz doa\u00e7\u00e3o de m\u00e1scaras e protetores faciais para profissionais de sa\u00fade"},"content":{"rendered":"\n<p>O Comit\u00ea Local de Acompanhamento da Amea\u00e7a do Coronav\u00edrus do Campus Santa In\u00eas distribuiu cerca de 625 m\u00e1scaras descart\u00e1veis confeccionadas com Tecido-N\u00e3o-Tecido (TNT). Os produtos foram entregues \u00e0s secretarias de sa\u00fade dos munic\u00edpios de Santa In\u00eas, Uba\u00edra e Jaguaquara, al\u00e9m de uma casa de apoio a idosos em Santa In\u00eas (FUNASSO) que tamb\u00e9m contou com o recebimento. <\/p>\n\n\n\n<figure class=\"wp-block-gallery columns-3 is-cropped wp-block-gallery-1 is-layout-flex\"><ul class=\"blocks-gallery-grid\"><li class=\"blocks-gallery-item\"><figure><img decoding=\"async\" loading=\"lazy\" width=\"1280\" height=\"960\" src=\"https:\/\/www.ifbaiano.edu.br\/unidades\/santaines\/files\/2020\/05\/dae36ab0-f6a2-4036-817d-1ad0376f63b7.jpg\" alt=\"\" data-id=\"13514\" data-link=\"https:\/\/www.ifbaiano.edu.br\/unidades\/santaines\/?attachment_id=13514\" class=\"wp-image-13514\" \/><\/figure><\/li><li class=\"blocks-gallery-item\"><figure><img decoding=\"async\" loading=\"lazy\" width=\"790\" height=\"1052\" src=\"https:\/\/www.ifbaiano.edu.br\/unidades\/santaines\/files\/2020\/05\/628fb7c2-2056-41c5-9cbc-28a9b5513ca4.jpg\" alt=\"\" data-id=\"13516\" data-link=\"https:\/\/www.ifbaiano.edu.br\/unidades\/santaines\/?attachment_id=13516\" class=\"wp-image-13516\" \/><\/figure><\/li><li class=\"blocks-gallery-item\"><figure><img decoding=\"async\" loading=\"lazy\" width=\"1024\" height=\"768\" src=\"https:\/\/www.ifbaiano.edu.br\/unidades\/santaines\/files\/2020\/05\/aa91d575-c97b-4d7f-a472-1d34938078fb.jpg\" alt=\"\" data-id=\"13512\" data-link=\"https:\/\/www.ifbaiano.edu.br\/unidades\/santaines\/?attachment_id=13512\" class=\"wp-image-13512\" \/><\/figure><\/li><\/ul><\/figure>\n\n\n\n<p>A a\u00e7\u00e3o que visa colaborar com a prote\u00e7\u00e3o contra \u00e0 Covid-19 de profissionais da sa\u00fade e integrantes do grupo de risco, colabora tamb\u00e9m com a\u00e7\u00f5es do poder p\u00fablico.<\/p>\n\n\n\n<figure class=\"wp-block-gallery columns-3 is-cropped wp-block-gallery-3 is-layout-flex\"><ul class=\"blocks-gallery-grid\"><li class=\"blocks-gallery-item\"><figure><img decoding=\"async\" loading=\"lazy\" width=\"960\" height=\"1280\" src=\"https:\/\/www.ifbaiano.edu.br\/unidades\/santaines\/files\/2020\/05\/a1394395-efcc-4a4c-8241-1a62a0525384.jpg\" alt=\"\" data-id=\"13519\" data-link=\"https:\/\/www.ifbaiano.edu.br\/unidades\/santaines\/?attachment_id=13519\" class=\"wp-image-13519\" \/><\/figure><\/li><li class=\"blocks-gallery-item\"><figure><img decoding=\"async\" loading=\"lazy\" width=\"960\" height=\"1280\" src=\"https:\/\/www.ifbaiano.edu.br\/unidades\/santaines\/files\/2020\/05\/e18a3979-5978-43c5-ac20-567ed2ab3e75.jpg\" alt=\"\" data-id=\"13520\" data-link=\"https:\/\/www.ifbaiano.edu.br\/unidades\/santaines\/?attachment_id=13520\" class=\"wp-image-13520\" \/><\/figure><\/li><li class=\"blocks-gallery-item\"><figure><img decoding=\"async\" loading=\"lazy\" width=\"960\" height=\"1280\" src=\"https:\/\/www.ifbaiano.edu.br\/unidades\/santaines\/files\/2020\/05\/08e0cda4-ab78-4546-8650-5d4c3edf04c4.jpg\" alt=\"\" data-id=\"13518\" data-link=\"https:\/\/www.ifbaiano.edu.br\/unidades\/santaines\/?attachment_id=13518\" class=\"wp-image-13518\" \/><\/figure><\/li><\/ul><\/figure>\n\n\n\n<p> <\/p>\n\n\n\n<p>As a\u00e7\u00f5es do Campus Santa In\u00eas n\u00e3o param por a\u00ed. A unidade tem dado constante assist\u00eancia \u00e0 comunidades e produziu 25 protetores faciais com materiais recicl\u00e1veis. Destes, 9 foram destinados \u00e0 Secretaria de Sa\u00fade do Munic\u00edpio e 16 a profissionais de sa\u00fade da cidade de Cravol\u00e2ndia. <\/p>\n\n\n\n<figure class=\"wp-block-gallery columns-3 is-cropped wp-block-gallery-5 is-layout-flex\"><ul class=\"blocks-gallery-grid\"><li class=\"blocks-gallery-item\"><figure><img decoding=\"async\" loading=\"lazy\" width=\"844\" height=\"1040\" src=\"https:\/\/www.ifbaiano.edu.br\/unidades\/santaines\/files\/2020\/05\/Imagem2.jpg\" alt=\"\" data-id=\"13509\" data-link=\"https:\/\/www.ifbaiano.edu.br\/unidades\/santaines\/?attachment_id=13509\" class=\"wp-image-13509\" \/><\/figure><\/li><li class=\"blocks-gallery-item\"><figure><img decoding=\"async\" loading=\"lazy\" width=\"728\" height=\"931\" src=\"https:\/\/www.ifbaiano.edu.br\/unidades\/santaines\/files\/2020\/05\/Imagem8.jpg\" alt=\"\" data-id=\"13510\" data-link=\"https:\/\/www.ifbaiano.edu.br\/unidades\/santaines\/?attachment_id=13510\" class=\"wp-image-13510\" \/><\/figure><\/li><li class=\"blocks-gallery-item\"><figure><img decoding=\"async\" loading=\"lazy\" width=\"782\" height=\"1029\" src=\"https:\/\/www.ifbaiano.edu.br\/unidades\/santaines\/files\/2020\/05\/Imagem9.jpg\" alt=\"\" data-id=\"13511\" data-link=\"https:\/\/www.ifbaiano.edu.br\/unidades\/santaines\/?attachment_id=13511\" class=\"wp-image-13511\" \/><\/figure><\/li><\/ul><\/figure>\n\n\n\n<p>O produto foi confeccionado pela professora Cla\u00fadia Bocchese, junto aos alunos Vagner Santana, Tiago Dantas e Diego Santana da Silva, com o objetivo de colaborar com a prote\u00e7\u00e3o de servidores da \u00e1rea. <\/p>\n","protected":false},"excerpt":{"rendered":"<p>.<\/p>\n","protected":false},"author":86,"featured_media":13515,"comment_status":"closed","ping_status":"closed","sticky":false,"template":"","format":"standard","meta":[],"categories":[4,10,57],"tags":[],"_links":{"self":[{"href":"https:\/\/www.ifbaiano.edu.br\/unidades\/santaines\/wp-json\/wp\/v2\/posts\/13508"}],"collection":[{"href":"https:\/\/www.ifbaiano.edu.br\/unidades\/santaines\/wp-json\/wp\/v2\/posts"}],"about":[{"href":"https:\/\/www.ifbaiano.edu.br\/unidades\/santaines\/wp-json\/wp\/v2\/types\/post"}],"author":[{"embeddable":true,"href":"https:\/\/www.ifbaiano.edu.br\/unidades\/santaines\/wp-json\/wp\/v2\/users\/86"}],"replies":[{"embeddable":true,"href":"https:\/\/www.ifbaiano.edu.br\/unidades\/santaines\/wp-json\/wp\/v2\/comments?post=13508"}],"version-history":[{"count":4,"href":"https:\/\/www.ifbaiano.edu.br\/unidades\/santaines\/wp-json\/wp\/v2\/posts\/13508\/revisions"}],"predecessor-version":[{"id":13525,"href":"https:\/\/www.ifbaiano.edu.br\/unidades\/santaines\/wp-json\/wp\/v2\/posts\/13508\/revisions\/13525"}],"wp:featuredmedia":[{"embeddable":true,"href":"https:\/\/www.ifbaiano.edu.br\/unidades\/santaines\/wp-json\/wp\/v2\/media\/13515"}],"wp:attachment":[{"href":"https:\/\/www.ifbaiano.edu.br\/unidades\/santaines\/wp-json\/wp\/v2\/media?parent=13508"}],"wp:term":[{"taxonomy":"category","embeddable":true,"href":"https:\/\/www.ifbaiano.edu.br\/unidades\/santaines\/wp-json\/wp\/v2\/categories?post=13508"},{"taxonomy":"post_tag","embeddable":true,"href":"https:\/\/www.ifbaiano.edu.br\/unidades\/santaines\/wp-json\/wp\/v2\/tags?post=13508"}],"curies":[{"name":"wp","href":"https:\/\/api.w.org\/{rel}","templated":true}]}}