{"id":13529,"date":"2020-05-25T11:53:18","date_gmt":"2020-05-25T14:53:18","guid":{"rendered":"https:\/\/www.ifbaiano.edu.br\/unidades\/santaines\/?p=13529"},"modified":"2020-05-25T11:53:18","modified_gmt":"2020-05-25T14:53:18","slug":"informativo-antecipacao-dos-feriados-na-bahia-e-o-funcionamento-do-if-baiano","status":"publish","type":"post","link":"https:\/\/www.ifbaiano.edu.br\/unidades\/santaines\/informativo-antecipacao-dos-feriados-na-bahia-e-o-funcionamento-do-if-baiano\/","title":{"rendered":"Informativo: Antecipa\u00e7\u00e3o dos feriados na Bahia e o funcionamento do IF Baiano"},"content":{"rendered":"\n<p>Por conta da antecipa\u00e7\u00e3o dos feriados estaduais correspondentes a 24 de junho e 02 de julho, o Instituto Federal Baiano estar\u00e1 com as suas atividades suspensas, tanto na Reitoria quanto nos campi e Centro de Refer\u00eancia, nos dias 25 e 26 de maio.<\/p>\n\n\n\n<p>Com rela\u00e7\u00e3o \u00e0 possibilidade da antecipa\u00e7\u00e3o dos feriados municipais, faz-se necess\u00e1rio aguardar a defini\u00e7\u00e3o dos decretos municipais.<\/p>\n\n\n\n<p>Como em Salvador j\u00e1 foi decidida a antecipa\u00e7\u00e3o do feriado, a Reitoria e o Centro de Refer\u00eancia n\u00e3o funcionar\u00e3o na quarta-feira, 27 de maio. Cada campus deve seguir a decis\u00e3o do seu munic\u00edpio.<\/p>\n\n\n\n<p>Na quinta-feira e na sexta-feira, o decreto estadual fecha as atividades n\u00e3o essenciais no estado, no entanto, o decreto estadual n\u00e3o se estende aos \u00f3rg\u00e3os federais.<\/p>\n","protected":false},"excerpt":{"rendered":"<p>.<\/p>\n","protected":false},"author":86,"featured_media":13384,"comment_status":"closed","ping_status":"closed","sticky":false,"template":"","format":"standard","meta":[],"categories":[4,10,57],"tags":[],"_links":{"self":[{"href":"https:\/\/www.ifbaiano.edu.br\/unidades\/santaines\/wp-json\/wp\/v2\/posts\/13529"}],"collection":[{"href":"https:\/\/www.ifbaiano.edu.br\/unidades\/santaines\/wp-json\/wp\/v2\/posts"}],"about":[{"href":"https:\/\/www.ifbaiano.edu.br\/unidades\/santaines\/wp-json\/wp\/v2\/types\/post"}],"author":[{"embeddable":true,"href":"https:\/\/www.ifbaiano.edu.br\/unidades\/santaines\/wp-json\/wp\/v2\/users\/86"}],"replies":[{"embeddable":true,"href":"https:\/\/www.ifbaiano.edu.br\/unidades\/santaines\/wp-json\/wp\/v2\/comments?post=13529"}],"version-history":[{"count":1,"href":"https:\/\/www.ifbaiano.edu.br\/unidades\/santaines\/wp-json\/wp\/v2\/posts\/13529\/revisions"}],"predecessor-version":[{"id":13530,"href":"https:\/\/www.ifbaiano.edu.br\/unidades\/santaines\/wp-json\/wp\/v2\/posts\/13529\/revisions\/13530"}],"wp:featuredmedia":[{"embeddable":true,"href":"https:\/\/www.ifbaiano.edu.br\/unidades\/santaines\/wp-json\/wp\/v2\/media\/13384"}],"wp:attachment":[{"href":"https:\/\/www.ifbaiano.edu.br\/unidades\/santaines\/wp-json\/wp\/v2\/media?parent=13529"}],"wp:term":[{"taxonomy":"category","embeddable":true,"href":"https:\/\/www.ifbaiano.edu.br\/unidades\/santaines\/wp-json\/wp\/v2\/categories?post=13529"},{"taxonomy":"post_tag","embeddable":true,"href":"https:\/\/www.ifbaiano.edu.br\/unidades\/santaines\/wp-json\/wp\/v2\/tags?post=13529"}],"curies":[{"name":"wp","href":"https:\/\/api.w.org\/{rel}","templated":true}]}}