{"id":13531,"date":"2020-05-28T11:27:15","date_gmt":"2020-05-28T14:27:15","guid":{"rendered":"https:\/\/www.ifbaiano.edu.br\/unidades\/santaines\/?p=13531"},"modified":"2020-05-28T16:35:15","modified_gmt":"2020-05-28T19:35:15","slug":"campus-santa-ines-divulga-relacao-de-estudantes-selecionados-para-receberem-o-kit-alimentacao","status":"publish","type":"post","link":"https:\/\/www.ifbaiano.edu.br\/unidades\/santaines\/campus-santa-ines-divulga-relacao-de-estudantes-selecionados-para-receberem-o-kit-alimentacao\/","title":{"rendered":"Campus Santa In\u00eas divulga rela\u00e7\u00e3o de estudantes selecionados para receberem os Kits de Alimenta\u00e7\u00e3o"},"content":{"rendered":"\n<p>A Comiss\u00e3o Local do PNAE para Enfrentamento da Pandemia do COVID-19, Campus Santa In\u00eas, divulga a <strong><a href=\"https:\/\/www.ifbaiano.edu.br\/unidades\/santaines\/files\/2020\/05\/SELECAO-LISTA-KIT-ALIMENTACAO.pdf\">lista dos estudantes selecionados para receberem o Kit Alimenta\u00e7\u00e3o<\/a><\/strong>. <\/p>\n\n\n\n<p>O Programa Nacional de Alimenta\u00e7\u00e3o Escolar (PNAE) \u00e9 respons\u00e1vel pela oferta de alimenta\u00e7\u00e3o escolar e a\u00e7\u00f5es de educa\u00e7\u00e3o alimentar e nutricional a estudantes de todas as etapas da educa\u00e7\u00e3o b\u00e1sica p\u00fablica. <\/p>\n\n\n\n<p>No Campus Santa In\u00eas,  os crit\u00e9rios adotados para sele\u00e7\u00e3o est\u00e3o descritos na <a href=\"https:\/\/www.ifbaiano.edu.br\/unidades\/santaines\/files\/2020\/05\/Nota-sobre-Kit-Alimentacao.pdf\">NOTA divulgada pela Comiss\u00e3o Local do PNAE<\/a> . Os Pais ou Respons\u00e1veis dos estudantes que moram nas cidades de Laje, Mutu\u00edpe, Jiquiri\u00e7\u00e1, Uba\u00edra, Santa In\u00eas, Itaquara e Jaguaquara dever\u00e3o comparecer a Secretaria de Assist\u00eancia Social de seu munic\u00edpio, com documento de identifica\u00e7\u00e3o do estudante, para ter acesso ao Kit de Alimenta\u00e7\u00e3o, conforme consta na referida nota.<\/p>\n\n\n\n<p>A data de distribui\u00e7\u00e3o ser\u00e1 divulgada em breve. \u00c9 preciso lembrar dos cuidados que devem ser tomados a fim de evitar aglomera\u00e7\u00e3o. Os estudantes das demais cidades dever\u00e3o aguardar o contato (telef\u00f4nico) da Comiss\u00e3o Local do PNAE para agendamento da entrega do Kit Alimenta\u00e7\u00e3o. <\/p>\n\n\n\n<p>Para saber mais sobre os KITs de Alimenta\u00e7\u00e3o <a href=\"https:\/\/ifbaiano.edu.br\/portal\/blog\/2020\/04\/29\/if-baiano-ira-conceder-auxilio-financeiro-e-cestas-basicas-a-estudantes-em-vulnerabilidade-socioeconomica\/\"> <strong>CLIQUE AQUI<\/strong> <\/a><\/p>\n","protected":false},"excerpt":{"rendered":"<p>A data de distribui\u00e7\u00e3o ser\u00e1 divulgada em breve.<\/p>\n","protected":false},"author":86,"featured_media":13538,"comment_status":"closed","ping_status":"closed","sticky":false,"template":"","format":"standard","meta":[],"categories":[4,10,57],"tags":[],"_links":{"self":[{"href":"https:\/\/www.ifbaiano.edu.br\/unidades\/santaines\/wp-json\/wp\/v2\/posts\/13531"}],"collection":[{"href":"https:\/\/www.ifbaiano.edu.br\/unidades\/santaines\/wp-json\/wp\/v2\/posts"}],"about":[{"href":"https:\/\/www.ifbaiano.edu.br\/unidades\/santaines\/wp-json\/wp\/v2\/types\/post"}],"author":[{"embeddable":true,"href":"https:\/\/www.ifbaiano.edu.br\/unidades\/santaines\/wp-json\/wp\/v2\/users\/86"}],"replies":[{"embeddable":true,"href":"https:\/\/www.ifbaiano.edu.br\/unidades\/santaines\/wp-json\/wp\/v2\/comments?post=13531"}],"version-history":[{"count":7,"href":"https:\/\/www.ifbaiano.edu.br\/unidades\/santaines\/wp-json\/wp\/v2\/posts\/13531\/revisions"}],"predecessor-version":[{"id":13544,"href":"https:\/\/www.ifbaiano.edu.br\/unidades\/santaines\/wp-json\/wp\/v2\/posts\/13531\/revisions\/13544"}],"wp:featuredmedia":[{"embeddable":true,"href":"https:\/\/www.ifbaiano.edu.br\/unidades\/santaines\/wp-json\/wp\/v2\/media\/13538"}],"wp:attachment":[{"href":"https:\/\/www.ifbaiano.edu.br\/unidades\/santaines\/wp-json\/wp\/v2\/media?parent=13531"}],"wp:term":[{"taxonomy":"category","embeddable":true,"href":"https:\/\/www.ifbaiano.edu.br\/unidades\/santaines\/wp-json\/wp\/v2\/categories?post=13531"},{"taxonomy":"post_tag","embeddable":true,"href":"https:\/\/www.ifbaiano.edu.br\/unidades\/santaines\/wp-json\/wp\/v2\/tags?post=13531"}],"curies":[{"name":"wp","href":"https:\/\/api.w.org\/{rel}","templated":true}]}}