{"id":13545,"date":"2020-05-29T11:50:47","date_gmt":"2020-05-29T14:50:47","guid":{"rendered":"https:\/\/www.ifbaiano.edu.br\/unidades\/santaines\/?p=13545"},"modified":"2020-05-29T11:50:47","modified_gmt":"2020-05-29T14:50:47","slug":"coordenacao-do-curso-de-geografia-publica-nota-em-homenagem-ao-dia-do-geografo","status":"publish","type":"post","link":"https:\/\/www.ifbaiano.edu.br\/unidades\/santaines\/coordenacao-do-curso-de-geografia-publica-nota-em-homenagem-ao-dia-do-geografo\/","title":{"rendered":"Coordena\u00e7\u00e3o do curso de geografia publica nota em homenagem ao Dia do Ge\u00f3grafo"},"content":{"rendered":"\n<p>O professor Silvio M\u00e1rcio Montenegro Machado,  Coordenador do Curso de Licenciatura em Geografia do If Baiano  <em>Campus<\/em>\u00a0 Santa In\u00eas,  fez uma mensagem em homenagem ao dia do ge\u00f3grafo (29).<\/p>\n\n\n\n<p>O Curso de Licenciatura em Geografia do IF Baiano\u00a0<em>Campus<\/em>\u00a0Santa In\u00eas foi criado em 2010 com o intuito de contribuir para a forma\u00e7\u00e3o de professores, contemplando uma \u00e1rea de conhecimento em que h\u00e1 car\u00eancia de profissionais habilitados na regi\u00e3o e no pa\u00eds.<\/p>\n\n\n\n<p>O curso de geografia tem uma import\u00e2ncia que vai al\u00e9m da qualifica\u00e7\u00e3o acad\u00eamica, mas encontra-se pautada na possibilidade de que, com a exist\u00eancia do curso superior possa-se contribuir para sanar uma lacuna de forma\u00e7\u00e3o de professores desta \u00e1rea, ao passo que esta qualifica\u00e7\u00e3o colabore para defini\u00e7\u00e3o de um novo posicionamento pol\u00edtico e social de sujeitos comprometidos com as mudan\u00e7as na regi\u00e3o.<\/p>\n\n\n\n<p>Refor\u00e7ando esta ideia, ap\u00f3s a implanta\u00e7\u00e3o da licenciatura, a realidade do Vale do Jiquiri\u00e7\u00e1 tornou-se pauta de discuss\u00e3o nos \u00e2mbitos do ensino, da pesquisa e da extens\u00e3o, colaborando com o processo ensino-aprendizagem nas escolas de educa\u00e7\u00e3o b\u00e1sica e para o fortalecimento da consci\u00eancia ambiental, da diversidade humana e sociocultural no Territ\u00f3rio de Identidade do Vale do Jiquiri\u00e7\u00e1.<\/p>\n\n\n\n<p>Acesse <a href=\"https:\/\/www.ifbaiano.edu.br\/unidades\/santaines\/files\/2020\/05\/Nota-Dia-do-Geografo.pdf\">AQUI <\/a>a nota do Professor S\u00edlvio.<\/p>\n","protected":false},"excerpt":{"rendered":"<p>29 de maio &#8211; Dia do Ge\u00f3grafo<\/p>\n","protected":false},"author":86,"featured_media":0,"comment_status":"closed","ping_status":"closed","sticky":false,"template":"","format":"standard","meta":[],"categories":[4,10,57],"tags":[],"_links":{"self":[{"href":"https:\/\/www.ifbaiano.edu.br\/unidades\/santaines\/wp-json\/wp\/v2\/posts\/13545"}],"collection":[{"href":"https:\/\/www.ifbaiano.edu.br\/unidades\/santaines\/wp-json\/wp\/v2\/posts"}],"about":[{"href":"https:\/\/www.ifbaiano.edu.br\/unidades\/santaines\/wp-json\/wp\/v2\/types\/post"}],"author":[{"embeddable":true,"href":"https:\/\/www.ifbaiano.edu.br\/unidades\/santaines\/wp-json\/wp\/v2\/users\/86"}],"replies":[{"embeddable":true,"href":"https:\/\/www.ifbaiano.edu.br\/unidades\/santaines\/wp-json\/wp\/v2\/comments?post=13545"}],"version-history":[{"count":2,"href":"https:\/\/www.ifbaiano.edu.br\/unidades\/santaines\/wp-json\/wp\/v2\/posts\/13545\/revisions"}],"predecessor-version":[{"id":13548,"href":"https:\/\/www.ifbaiano.edu.br\/unidades\/santaines\/wp-json\/wp\/v2\/posts\/13545\/revisions\/13548"}],"wp:attachment":[{"href":"https:\/\/www.ifbaiano.edu.br\/unidades\/santaines\/wp-json\/wp\/v2\/media?parent=13545"}],"wp:term":[{"taxonomy":"category","embeddable":true,"href":"https:\/\/www.ifbaiano.edu.br\/unidades\/santaines\/wp-json\/wp\/v2\/categories?post=13545"},{"taxonomy":"post_tag","embeddable":true,"href":"https:\/\/www.ifbaiano.edu.br\/unidades\/santaines\/wp-json\/wp\/v2\/tags?post=13545"}],"curies":[{"name":"wp","href":"https:\/\/api.w.org\/{rel}","templated":true}]}}