{"id":13550,"date":"2020-06-04T10:38:19","date_gmt":"2020-06-04T13:38:19","guid":{"rendered":"https:\/\/www.ifbaiano.edu.br\/unidades\/santaines\/?p=13550"},"modified":"2020-06-05T11:33:36","modified_gmt":"2020-06-05T14:33:36","slug":"professora-cria-grupo-de-interacao-com-alunos-em-tempos-de-pandemia","status":"publish","type":"post","link":"https:\/\/www.ifbaiano.edu.br\/unidades\/santaines\/professora-cria-grupo-de-interacao-com-alunos-em-tempos-de-pandemia\/","title":{"rendered":"Professores criam grupo de intera\u00e7\u00e3o com alunos em tempos de pandemia"},"content":{"rendered":"\n<p>A coordenadora do curso T\u00e9cnico em Agropecu\u00e1ria PROEJA- Pedagogia da Altern\u00e2ncia do Campus Santa In\u00eas, professora Patr\u00edcia Moura Neves, juntamente com a equipe pedag\u00f3gica e demais professores do curso, com o intuito de manter a intera\u00e7\u00e3o e o di\u00e1logo com a turma nesse per\u00edodo de pandemia devido a COVID-19, solicitaram aos estudantes que partilhassem o que estavam fazendo e desenvolvendo nesse per\u00edodo de pandemia. <\/p>\n\n\n\n<p>Assim, a professora Patr\u00edcia tem recebido dos estudantes que tiverem possibilidade de acesso \u00e0s redes sociais, relatos e materiais diversos mostrando suas aprendizagens e partilhando seus saberes nesse per\u00edodo de pandemia. S\u00e3o diversos trabalhos onde os mesmos apresentam habilidades art\u00edsticas, descrevem a\u00e7\u00f5es dos aprendizados que foram ampliadas ap\u00f3s o ingresso no Curso, demonstrando assim a import\u00e2ncia e a necessidade da oferta de uma educa\u00e7\u00e3o que seja p\u00fablica e de qualidade no territ\u00f3rio.<\/p>\n\n\n\n<p>Para o estudante, Ivanildo Muniz Santos, o curso tem oportunizado possibilidades de melhoria nas formas de produzir, o que consequentemente, implica tamb\u00e9m na oferta de um produto mais saud\u00e1vel para a comunidade. <\/p>\n\n\n\n<p>&#8220;Nas aulas de Zootecnia tento arrancar o m\u00e1ximo poss\u00edvel de conhecimento para botar em pr\u00e1tica. Fiz um sistema novo de cria\u00e7\u00e3o, um galinheiro com divis\u00f3ria: machos para engorda e abate, e f\u00eamea para postura. Eu fazia a cria\u00e7\u00e3o tudo junto, largava solto, dava s\u00f3 milho sem saber quanto comia, quanto tirava, n\u00e3o tinha isso, era simplesmente criar por criar, e agora n\u00e3o, j\u00e1 comecei a calcular o quanto eles est\u00e3o comendo, o quanto depois ao final eu tenho que vender para tirar um lucro, tudo isso\u201d comentou o estudante.<\/p>\n\n\n\n<figure class=\"wp-block-gallery columns-3 is-cropped wp-block-gallery-1 is-layout-flex\"><ul class=\"blocks-gallery-grid\"><li class=\"blocks-gallery-item\"><figure><img decoding=\"async\" loading=\"lazy\" width=\"1280\" height=\"960\" src=\"https:\/\/www.ifbaiano.edu.br\/unidades\/santaines\/files\/2020\/06\/4eee7d2f-8b04-46ac-ada4-eb06e6472bb1.jpg\" alt=\"\" data-id=\"13576\" data-link=\"https:\/\/www.ifbaiano.edu.br\/unidades\/santaines\/?attachment_id=13576\" class=\"wp-image-13576\" \/><\/figure><\/li><li class=\"blocks-gallery-item\"><figure><img decoding=\"async\" loading=\"lazy\" width=\"1280\" height=\"960\" src=\"https:\/\/www.ifbaiano.edu.br\/unidades\/santaines\/files\/2020\/06\/96969e69-a648-499d-8da8-5c7684e2d266-1.jpg\" alt=\"\" data-id=\"13577\" data-link=\"https:\/\/www.ifbaiano.edu.br\/unidades\/santaines\/?attachment_id=13577\" class=\"wp-image-13577\" \/><\/figure><\/li><li class=\"blocks-gallery-item\"><figure><img decoding=\"async\" loading=\"lazy\" width=\"1280\" height=\"960\" src=\"https:\/\/www.ifbaiano.edu.br\/unidades\/santaines\/files\/2020\/06\/efac9b56-ffef-42cc-9104-03e87d510153-1.jpg\" alt=\"\" data-id=\"13578\" data-link=\"https:\/\/www.ifbaiano.edu.br\/unidades\/santaines\/?attachment_id=13578\" class=\"wp-image-13578\" \/><\/figure><\/li><\/ul><\/figure>\n\n\n\n<p>Outra estudante, Maria da Paix\u00e3o de Jesus Santos, conta entusiasmada, sobre o que tem feito nesse per\u00edodo. Dentre as atividades desenvolvidas, descreve sobre um projeto iniciado em mar\u00e7o, na propriedade de uma s\u00f3cia, onde \u201cprimeiramente foi feito a limpeza do espa\u00e7o, longo ap\u00f3s a descompacta\u00e7\u00e3o do solo, medi\u00e7\u00e3o das leiras, forma\u00e7\u00e3o das leiras, aduba\u00e7\u00e3o natural com cobertura morta, e depois de alguns dias foram feita os plantio de cebola, cenoura, tomate e pepino, fizemos a colheita do pepino e distribu\u00edmos para os participante do projeto e vizinhos, a cebola foram apenas distribu\u00eddo para os participantes. A colheita do tomate teve perda total pela presen\u00e7a de pragas na produ\u00e7\u00e3o, a cenoura ainda n\u00e3o foi colhida.  Os pepino maduros foram feitos banco de sementes\u201d, relata. <\/p>\n\n\n\n<figure class=\"wp-block-gallery columns-3 is-cropped wp-block-gallery-3 is-layout-flex\"><ul class=\"blocks-gallery-grid\"><li class=\"blocks-gallery-item\"><figure><img decoding=\"async\" loading=\"lazy\" width=\"774\" height=\"1032\" src=\"https:\/\/www.ifbaiano.edu.br\/unidades\/santaines\/files\/2020\/06\/79fe6587-40ef-43ba-a6da-3f033d0670a3-2.jpg\" alt=\"\" data-id=\"13604\" data-link=\"https:\/\/www.ifbaiano.edu.br\/unidades\/santaines\/?attachment_id=13604\" class=\"wp-image-13604\" \/><\/figure><\/li><li class=\"blocks-gallery-item\"><figure><img decoding=\"async\" loading=\"lazy\" width=\"774\" height=\"1032\" src=\"https:\/\/www.ifbaiano.edu.br\/unidades\/santaines\/files\/2020\/06\/5b5e4f61-f263-4f83-b8e0-8c346c63f571-1.jpg\" alt=\"\" data-id=\"13579\" data-link=\"https:\/\/www.ifbaiano.edu.br\/unidades\/santaines\/?attachment_id=13579\" class=\"wp-image-13579\" \/><\/figure><\/li><li class=\"blocks-gallery-item\"><figure><img decoding=\"async\" src=\"https:\/\/www.ifbaiano.edu.br\/unidades\/santaines\/files\/2020\/06\/f605083d-9e62-4144-baf2-9ffc9237979a.jpg\" alt=\"\" data-id=\"13589\" data-link=\"https:\/\/www.ifbaiano.edu.br\/unidades\/santaines\/?attachment_id=13589\" class=\"wp-image-13589\" \/><\/figure><\/li><\/ul><\/figure>\n\n\n\n<p>O estudante Manoel Miguel de Souza Neto mostra algumas das atividades agr\u00edcolas desenvolvidas nesse per\u00edodo em sua comunidade, inclusive, fala sobre a evolu\u00e7\u00e3o da sua planta\u00e7\u00e3o de milho afirmando que est\u00e1 colocando em pr\u00e1tica o aprendizado em sala de aula &#8220;Gra\u00e7as a Deus a gente conseguiu um clima bom, semente boa e aqui est\u00e1 minha rocinha de milho&#8230;&#8221;  e continua afirmando &#8220;isso \u00e9 efeito do que aprendi no IF&#8221;.<\/p>\n\n\n\n<figure class=\"wp-block-gallery columns-3 is-cropped wp-block-gallery-5 is-layout-flex\"><ul class=\"blocks-gallery-grid\"><li class=\"blocks-gallery-item\"><figure><img decoding=\"async\" loading=\"lazy\" width=\"1040\" height=\"780\" src=\"https:\/\/www.ifbaiano.edu.br\/unidades\/santaines\/files\/2020\/06\/72ef107b-3d6f-4091-b17b-231f4e40e3a1-1.jpg\" alt=\"\" data-id=\"13600\" data-link=\"https:\/\/www.ifbaiano.edu.br\/unidades\/santaines\/?attachment_id=13600\" class=\"wp-image-13600\" \/><\/figure><\/li><li class=\"blocks-gallery-item\"><figure><img decoding=\"async\" loading=\"lazy\" width=\"1040\" height=\"780\" src=\"https:\/\/www.ifbaiano.edu.br\/unidades\/santaines\/files\/2020\/06\/92786841-0bae-4d1a-9ef7-39c85fac352e-2.jpg\" alt=\"\" data-id=\"13603\" data-link=\"https:\/\/www.ifbaiano.edu.br\/unidades\/santaines\/?attachment_id=13603\" class=\"wp-image-13603\" \/><\/figure><\/li><li class=\"blocks-gallery-item\"><figure><img decoding=\"async\" loading=\"lazy\" width=\"1024\" height=\"576\" src=\"https:\/\/www.ifbaiano.edu.br\/unidades\/santaines\/files\/2020\/06\/753b2094-ca29-4570-8d96-225d9577eb91.jpg\" alt=\"\" data-id=\"13601\" data-link=\"https:\/\/www.ifbaiano.edu.br\/unidades\/santaines\/?attachment_id=13601\" class=\"wp-image-13601\" \/><\/figure><\/li><\/ul><\/figure>\n\n\n\n<p>Trabalhos manuais e culin\u00e1ria tamb\u00e9m fazem parte das atividades desenvolvidas pelos estudantes nesse per\u00edodo de Pandemia. A estudante Giselia Jesus dos Santos est\u00e1 alternando suas atividades agr\u00edcolas com outros trabalhos manuais. &#8220;Eu t\u00f4 aproveitando a quarentena pra retomar a minha produ\u00e7\u00e3o de doces, come\u00e7ando com as bolinhas de jenipapo que eu j\u00e1 fazia antes e agora voltei a fazer novamente e pra entregar eu t\u00f4 contando com o bom senso dos meus clientes e avisando que eu s\u00f3 posso fazer a entrega quando eu for na cidade. Ent\u00e3o eu estou agendando assim, uma vez por semana pra fazer as entregas na cidade. Ela est\u00e1, ainda, fazendo trabalho artesanal. &#8220;Peguei uns banquinhos que tava aqui e resolvi reformar utilizando o material que eu tinha em casa, um resto de verniz, umas pastilhas de vidro que eu tinha usado em outro projeto e assim vai&#8221;. Conclui Giselia.<\/p>\n\n\n\n<figure class=\"wp-block-gallery columns-3 is-cropped wp-block-gallery-7 is-layout-flex\"><ul class=\"blocks-gallery-grid\"><li class=\"blocks-gallery-item\"><figure><img decoding=\"async\" loading=\"lazy\" width=\"1280\" height=\"799\" src=\"https:\/\/www.ifbaiano.edu.br\/unidades\/santaines\/files\/2020\/06\/055209d9-7f7a-4ffc-acee-5ed5a60582ba.jpg\" alt=\"\" data-id=\"13612\" data-link=\"https:\/\/www.ifbaiano.edu.br\/unidades\/santaines\/?attachment_id=13612\" class=\"wp-image-13612\" \/><\/figure><\/li><li class=\"blocks-gallery-item\"><figure><img decoding=\"async\" src=\"https:\/\/www.ifbaiano.edu.br\/unidades\/santaines\/files\/2020\/06\/fa364baa-fc2d-4eb8-9300-a048d250eeae-2.jpg\" alt=\"\" data-id=\"13591\" data-link=\"https:\/\/www.ifbaiano.edu.br\/unidades\/santaines\/?attachment_id=13591\" class=\"wp-image-13591\" \/><\/figure><\/li><li class=\"blocks-gallery-item\"><figure><img decoding=\"async\" loading=\"lazy\" width=\"1280\" height=\"932\" src=\"https:\/\/www.ifbaiano.edu.br\/unidades\/santaines\/files\/2020\/06\/04011a91-3d4a-4d98-9cdb-374a7223114e.jpg\" alt=\"\" data-id=\"13611\" data-link=\"https:\/\/www.ifbaiano.edu.br\/unidades\/santaines\/?attachment_id=13611\" class=\"wp-image-13611\" \/><\/figure><\/li><\/ul><\/figure>\n\n\n\n<p>A coordena\u00e7\u00e3o pretende, ainda, junto aos professores, equipe pedag\u00f3gica e estudantes colocar em a\u00e7\u00e3o o \u201cPROEJA EM MOVIMENTO\u201d que tem como objetivo fazer divulga\u00e7\u00e3o, nas redes sociais do campus, desses trabalhos desenvolvidos pelos estudantes do curso PROEJA nesse per\u00edodo em que est\u00e3o sem aula presencial. Pretende-se com isso, formar uma rede de apoio emocional em tempos de pandemia, promovendo integra\u00e7\u00e3o e compartilhamento de ideias.<\/p>\n","protected":false},"excerpt":{"rendered":"<p>A a\u00e7\u00e3o visa a troca de experi\u00eancias e pr\u00e1ticas aprendidas em sala de aula<\/p>\n","protected":false},"author":86,"featured_media":13615,"comment_status":"closed","ping_status":"closed","sticky":false,"template":"","format":"standard","meta":[],"categories":[4,10,57],"tags":[],"_links":{"self":[{"href":"https:\/\/www.ifbaiano.edu.br\/unidades\/santaines\/wp-json\/wp\/v2\/posts\/13550"}],"collection":[{"href":"https:\/\/www.ifbaiano.edu.br\/unidades\/santaines\/wp-json\/wp\/v2\/posts"}],"about":[{"href":"https:\/\/www.ifbaiano.edu.br\/unidades\/santaines\/wp-json\/wp\/v2\/types\/post"}],"author":[{"embeddable":true,"href":"https:\/\/www.ifbaiano.edu.br\/unidades\/santaines\/wp-json\/wp\/v2\/users\/86"}],"replies":[{"embeddable":true,"href":"https:\/\/www.ifbaiano.edu.br\/unidades\/santaines\/wp-json\/wp\/v2\/comments?post=13550"}],"version-history":[{"count":11,"href":"https:\/\/www.ifbaiano.edu.br\/unidades\/santaines\/wp-json\/wp\/v2\/posts\/13550\/revisions"}],"predecessor-version":[{"id":13619,"href":"https:\/\/www.ifbaiano.edu.br\/unidades\/santaines\/wp-json\/wp\/v2\/posts\/13550\/revisions\/13619"}],"wp:featuredmedia":[{"embeddable":true,"href":"https:\/\/www.ifbaiano.edu.br\/unidades\/santaines\/wp-json\/wp\/v2\/media\/13615"}],"wp:attachment":[{"href":"https:\/\/www.ifbaiano.edu.br\/unidades\/santaines\/wp-json\/wp\/v2\/media?parent=13550"}],"wp:term":[{"taxonomy":"category","embeddable":true,"href":"https:\/\/www.ifbaiano.edu.br\/unidades\/santaines\/wp-json\/wp\/v2\/categories?post=13550"},{"taxonomy":"post_tag","embeddable":true,"href":"https:\/\/www.ifbaiano.edu.br\/unidades\/santaines\/wp-json\/wp\/v2\/tags?post=13550"}],"curies":[{"name":"wp","href":"https:\/\/api.w.org\/{rel}","templated":true}]}}