{"id":13635,"date":"2020-06-09T11:48:12","date_gmt":"2020-06-09T14:48:12","guid":{"rendered":"https:\/\/www.ifbaiano.edu.br\/unidades\/santaines\/?p=13635"},"modified":"2020-06-09T11:48:12","modified_gmt":"2020-06-09T14:48:12","slug":"campus-santa-ines-divulga-segunda-lista-de-estudantes-contemplados-para-receberem-os-kits-de-alimentacao","status":"publish","type":"post","link":"https:\/\/www.ifbaiano.edu.br\/unidades\/santaines\/campus-santa-ines-divulga-segunda-lista-de-estudantes-contemplados-para-receberem-os-kits-de-alimentacao\/","title":{"rendered":"Campus Santa In\u00eas divulga segunda lista de estudantes contemplados para receberem os Kits de Alimenta\u00e7\u00e3o"},"content":{"rendered":"<p><br \/><!--StartFragment--><\/p>\n\n\n<p>A Comiss\u00e3o Local do PNAE para Enfrentamento da Pandemia do COVID-19, Campus Santa In\u00eas, divulga a <strong><a href=\"https:\/\/www.ifbaiano.edu.br\/unidades\/santaines\/files\/2020\/06\/Segunda-Lista-Kit-Alimentacao.pdf\">segunda lista dos estudantes selecionados para receberem o Kit Alimenta\u00e7\u00e3o<\/a><\/strong>. <\/p>\n\n\n\n<p>O Programa Nacional de Alimenta\u00e7\u00e3o Escolar (PNAE) \u00e9 respons\u00e1vel pela oferta de alimenta\u00e7\u00e3o escolar e a\u00e7\u00f5es de educa\u00e7\u00e3o alimentar e nutricional a estudantes de todas as etapas da educa\u00e7\u00e3o b\u00e1sica p\u00fablica. <\/p>\n\n\n\n<p>Nessa segunda lista foram contemplados trinta e um novos estudantes. O crit\u00e9rio adotado para sele\u00e7\u00e3o foi assim definido: <\/p>\n\n\n\n<p>1.Estar com matr\u00edcula ativa e frequ\u00eancia regular, nos cursos T\u00e9cnicos Integrados ao Ensino M\u00e9dio\u00a0at\u00e9 o in\u00edcio da Pandemia; <\/p>\n\n\n\n<p>2. Residir na cidade de Santa In\u00eas.\u00a0<\/p>\n\n\n\n<p>Os estudantes contemplados nessa segunda lista do Kit Alimenta\u00e7\u00e3o dever\u00e3o comparecer \u00e0 Secret\u00e1ria de Desenvolvimento Social do Munic\u00edpio de Santa In\u00eas-BA,  no <strong>dia 10 de junho de 2020<\/strong>,  munidos de documento de identifica\u00e7\u00e3o, para ter acesso ao kit. <\/p>\n\n\n\n<p>Para saber mais sobre os KITs de Alimenta\u00e7\u00e3o <a href=\"https:\/\/ifbaiano.edu.br\/portal\/blog\/2020\/04\/29\/if-baiano-ira-conceder-auxilio-financeiro-e-cestas-basicas-a-estudantes-em-vulnerabilidade-socioeconomica\/\"> <strong>CLIQUE AQUI<\/strong> <\/a><\/p>\n\n\n<p><!--EndFragment--><br>\n<br>\n<\/p>","protected":false},"excerpt":{"rendered":"<p>Estudantes contemplados dever\u00e3o comparecer \u00e0 Secret\u00e1ria de Desenvolvimento Social do Munic\u00edpio de Santa In\u00eas-BA,  no dia 10 de junho de 2020<\/p>\n","protected":false},"author":86,"featured_media":13538,"comment_status":"closed","ping_status":"closed","sticky":false,"template":"","format":"standard","meta":[],"categories":[4,38,10,57],"tags":[],"_links":{"self":[{"href":"https:\/\/www.ifbaiano.edu.br\/unidades\/santaines\/wp-json\/wp\/v2\/posts\/13635"}],"collection":[{"href":"https:\/\/www.ifbaiano.edu.br\/unidades\/santaines\/wp-json\/wp\/v2\/posts"}],"about":[{"href":"https:\/\/www.ifbaiano.edu.br\/unidades\/santaines\/wp-json\/wp\/v2\/types\/post"}],"author":[{"embeddable":true,"href":"https:\/\/www.ifbaiano.edu.br\/unidades\/santaines\/wp-json\/wp\/v2\/users\/86"}],"replies":[{"embeddable":true,"href":"https:\/\/www.ifbaiano.edu.br\/unidades\/santaines\/wp-json\/wp\/v2\/comments?post=13635"}],"version-history":[{"count":2,"href":"https:\/\/www.ifbaiano.edu.br\/unidades\/santaines\/wp-json\/wp\/v2\/posts\/13635\/revisions"}],"predecessor-version":[{"id":13638,"href":"https:\/\/www.ifbaiano.edu.br\/unidades\/santaines\/wp-json\/wp\/v2\/posts\/13635\/revisions\/13638"}],"wp:featuredmedia":[{"embeddable":true,"href":"https:\/\/www.ifbaiano.edu.br\/unidades\/santaines\/wp-json\/wp\/v2\/media\/13538"}],"wp:attachment":[{"href":"https:\/\/www.ifbaiano.edu.br\/unidades\/santaines\/wp-json\/wp\/v2\/media?parent=13635"}],"wp:term":[{"taxonomy":"category","embeddable":true,"href":"https:\/\/www.ifbaiano.edu.br\/unidades\/santaines\/wp-json\/wp\/v2\/categories?post=13635"},{"taxonomy":"post_tag","embeddable":true,"href":"https:\/\/www.ifbaiano.edu.br\/unidades\/santaines\/wp-json\/wp\/v2\/tags?post=13635"}],"curies":[{"name":"wp","href":"https:\/\/api.w.org\/{rel}","templated":true}]}}