{"id":13669,"date":"2020-06-10T15:04:43","date_gmt":"2020-06-10T18:04:43","guid":{"rendered":"https:\/\/www.ifbaiano.edu.br\/unidades\/santaines\/?p=13669"},"modified":"2020-09-15T16:15:01","modified_gmt":"2020-09-15T19:15:01","slug":"projeto-espalhe-arte-pelo-vale-ira-compartilhar-producoes-artisticas-da-comunidade-academica","status":"publish","type":"post","link":"https:\/\/www.ifbaiano.edu.br\/unidades\/santaines\/projeto-espalhe-arte-pelo-vale-ira-compartilhar-producoes-artisticas-da-comunidade-academica\/","title":{"rendered":"Projeto \u201cEspalhe Arte pelo Vale\u201d ir\u00e1 compartilhar produ\u00e7\u00f5es art\u00edsticas da comunidade acad\u00eamica"},"content":{"rendered":"\n<p>Coordenado\npela equipe pedag\u00f3gica do <em>Campus Santa\nIn\u00eas, <\/em>o projeto \u201cEspalhe Arte pelo Vale\u201d tem como proposta divulgar\nprodu\u00e7\u00f5es art\u00edsticas de estudantes, servidores e moradores do Vale do Jiquiri\u00e7\u00e1\nque tenham v\u00ednculo com o <em>campus<\/em>, para que seus olhares acerca do mundo\nsejam compartilhados nesses tempos de isolamento social.<\/p>\n\n\n\n<p>A\ninten\u00e7\u00e3o da equipe pedag\u00f3gica \u00e9 atingir o maior n\u00famero de pessoas, da\ncomunidade interna e externa ao Campus Santa In\u00eas. \u201cApresentamos o projeto\nconsiderando a li\u00e7\u00e3o que a arte sempre nos deu quando o assunto \u00e9\nressignificar\u201d, relatou o T\u00e9cnico em Assuntos Educacionais, Alexandre Pitta, um\ndos coordenadores do projeto.<\/p>\n\n\n\n<p>\u201cNos \u00faltimos meses, estamos lidando diariamente com termos como isolamento social, coronav\u00edrus, lockdown, pandemia e outros que manifestam profundas mudan\u00e7as em nosso modo de vida e em nossas rela\u00e7\u00f5es sociais. Psicologicamente e socialmente somos levados a enfrentar esse contexto ressignificando nosso modo de ver, compreender e sentir o mundo\u201d, acrescenta Alexandre Pitta.<\/p>\n\n\n\n<p>Ainda segundo a equipe, o projeto \u00e9 um convite \u00e0 comunidade interna e externa ao Campus Santa In\u00eas para compartilhar as suas produ\u00e7\u00f5es e assim propiciar a linguagem art\u00edstica como fonte de reconstru\u00e7\u00e3o de si, de abstra\u00e7\u00e3o e de enfrentamento da dureza desses tempos t\u00e3o tensos que o mundo atravessa.<\/p>\n\n\n\n<p>A\ntem\u00e1tica \u00e9 Livre e podem participar estudantes, servidores e moradores do Vale\ndo Jiquiri\u00e7\u00e1 que tenham v\u00ednculo com o IF Baiano <em>Campus <\/em>Santa In\u00eas. As produ\u00e7\u00f5es podem ser enviadas nos seguintes\nformatos:<\/p>\n\n\n\n<p>1. Contos, microcontos, poemas, cr\u00f4nicas, cord\u00e9is ou poemas (textos escritos, recitados e gravados em v\u00eddeo ou apenas o \u00e1udio);<\/p>\n\n\n\n<p>2. Fotografias, charges e v\u00eddeos;<\/p>\n\n\n\n<p>3. Can\u00e7\u00f5es autorias.<\/p>\n\n\n\n<p>Cada participante poder\u00e1 enviar at\u00e9 tr\u00eas produ\u00e7\u00f5es. O envio do material dever\u00e1 ser feito por e-mail para pedagogico@si.ifbaiano.edu.br, com a identifica\u00e7\u00e3o do participante (nome completo, idade, cidade e, quando for o caso, apresenta\u00e7\u00e3o do v\u00ednculo com o IF Baiano, apresenta\u00e7\u00e3o da proposta). As produ\u00e7\u00f5es ser\u00e3o divulgadas no @campussantaines, @napea_ifbaiano_csi e napeaifbaianosantaines.blogspot.com.<\/p>\n","protected":false},"excerpt":{"rendered":"<p>Podem participar estudantes, servidores e moradores do Vale do Jiquiri\u00e7\u00e1 que tenham v\u00ednculo com o IF Baiano Campus Santa In\u00eas<\/p>\n","protected":false},"author":86,"featured_media":13670,"comment_status":"closed","ping_status":"closed","sticky":false,"template":"","format":"standard","meta":[],"categories":[4,5,10,57],"tags":[],"_links":{"self":[{"href":"https:\/\/www.ifbaiano.edu.br\/unidades\/santaines\/wp-json\/wp\/v2\/posts\/13669"}],"collection":[{"href":"https:\/\/www.ifbaiano.edu.br\/unidades\/santaines\/wp-json\/wp\/v2\/posts"}],"about":[{"href":"https:\/\/www.ifbaiano.edu.br\/unidades\/santaines\/wp-json\/wp\/v2\/types\/post"}],"author":[{"embeddable":true,"href":"https:\/\/www.ifbaiano.edu.br\/unidades\/santaines\/wp-json\/wp\/v2\/users\/86"}],"replies":[{"embeddable":true,"href":"https:\/\/www.ifbaiano.edu.br\/unidades\/santaines\/wp-json\/wp\/v2\/comments?post=13669"}],"version-history":[{"count":2,"href":"https:\/\/www.ifbaiano.edu.br\/unidades\/santaines\/wp-json\/wp\/v2\/posts\/13669\/revisions"}],"predecessor-version":[{"id":13677,"href":"https:\/\/www.ifbaiano.edu.br\/unidades\/santaines\/wp-json\/wp\/v2\/posts\/13669\/revisions\/13677"}],"wp:featuredmedia":[{"embeddable":true,"href":"https:\/\/www.ifbaiano.edu.br\/unidades\/santaines\/wp-json\/wp\/v2\/media\/13670"}],"wp:attachment":[{"href":"https:\/\/www.ifbaiano.edu.br\/unidades\/santaines\/wp-json\/wp\/v2\/media?parent=13669"}],"wp:term":[{"taxonomy":"category","embeddable":true,"href":"https:\/\/www.ifbaiano.edu.br\/unidades\/santaines\/wp-json\/wp\/v2\/categories?post=13669"},{"taxonomy":"post_tag","embeddable":true,"href":"https:\/\/www.ifbaiano.edu.br\/unidades\/santaines\/wp-json\/wp\/v2\/tags?post=13669"}],"curies":[{"name":"wp","href":"https:\/\/api.w.org\/{rel}","templated":true}]}}