{"id":13697,"date":"2020-06-18T16:20:43","date_gmt":"2020-06-18T19:20:43","guid":{"rendered":"https:\/\/www.ifbaiano.edu.br\/unidades\/santaines\/?p=13697"},"modified":"2020-06-18T16:20:43","modified_gmt":"2020-06-18T19:20:43","slug":"if-baiano-oferta-600-vagas-para-cursos-gratuitos-de-libras","status":"publish","type":"post","link":"https:\/\/www.ifbaiano.edu.br\/unidades\/santaines\/if-baiano-oferta-600-vagas-para-cursos-gratuitos-de-libras\/","title":{"rendered":"IF Baiano oferta 600 vagas para cursos gratuitos de Libras"},"content":{"rendered":"\n<p>O Instituto Federal Baiano (IF Baiano) abre inscri\u00e7\u00f5es para dois cursos gratuitos na modalidade de Educa\u00e7\u00e3o a Dist\u00e2ncia (EaD) para quem deseja aprender L\u00edngua Brasileira de Sinais (Libras). Interessados podem se inscrever at\u00e9 30 de junho, preenchendo formul\u00e1rio dispon\u00edvel\u00a0<a rel=\"noreferrer noopener\" href=\"https:\/\/opinanovo.ifbaiano.edu.br\/index.php\/651889?lang=pt-BR\" target=\"_blank\">aqui<\/a>\u00a0e enviando a documenta\u00e7\u00e3o exigida. Para participar, \u00e9 necess\u00e1rio ter Ensino Fundamental completo.\u00a0<\/p>\n\n\n\n<p>A sele\u00e7\u00e3o dos candidatos aos cursos ofertados ser\u00e1 realizada por ordem de inscri\u00e7\u00e3o. As aulas ter\u00e3o in\u00edcio em 6 de julho de 2020.<\/p>\n\n\n\n<p>Saiba mais sobre os cursos:\u00a0<\/p>\n\n\n\n<p>Com carga hor\u00e1rio de 160h, o curso de\u00a0<strong>Introdu\u00e7\u00e3o \u00e0 Interpreta\u00e7\u00e3o em Libras<\/strong>\u00a0vai ensinar como realizar interpreta\u00e7\u00e3o simult\u00e2nea entre a L\u00edngua Brasileira de Sinais e o portugu\u00eas e vice versa, em n\u00edvel b\u00e1sico, em relacionamentos pessoais, comerciais e de trabalho, bem como nos diversos servi\u00e7os de atendimento ao p\u00fablico.\u00a0<\/p>\n\n\n\n<p>J\u00e1 o curso<strong>&nbsp;L\u00edngua Brasileira de Sinais (Libras) \u2013 Intermedi\u00e1rio<\/strong>, tamb\u00e9m de 160h, \u00e9 voltado para a comunica\u00e7\u00e3o com pessoas surdas e vai ensinar como auxiliar na conversa\u00e7\u00e3o em Libras nos setores de institui\u00e7\u00f5es p\u00fablicas e privadas que trabalham com atendimento ao p\u00fablico.<\/p>\n\n\n\n<p>Acesse o edital e acompanhe as etapas da sele\u00e7\u00e3o nesta&nbsp;<a href=\"https:\/\/concurso.ifbaiano.edu.br\/portal\/fic-libras-ead-junho-2020\/\">p\u00e1gina<\/a>.<\/p>\n\n\n\n<p>D\u00favidas sobre o processo dever\u00e3o ser encaminhadas para o e-mail:&nbsp;<strong>fic.proex@ifbaiano.edu.br<\/strong>.<\/p>\n","protected":false},"excerpt":{"rendered":"<p>Inscri\u00e7\u00f5es at\u00e9 30 de junho.<\/p>\n","protected":false},"author":86,"featured_media":13698,"comment_status":"closed","ping_status":"closed","sticky":false,"template":"","format":"standard","meta":[],"categories":[4,10,57],"tags":[],"_links":{"self":[{"href":"https:\/\/www.ifbaiano.edu.br\/unidades\/santaines\/wp-json\/wp\/v2\/posts\/13697"}],"collection":[{"href":"https:\/\/www.ifbaiano.edu.br\/unidades\/santaines\/wp-json\/wp\/v2\/posts"}],"about":[{"href":"https:\/\/www.ifbaiano.edu.br\/unidades\/santaines\/wp-json\/wp\/v2\/types\/post"}],"author":[{"embeddable":true,"href":"https:\/\/www.ifbaiano.edu.br\/unidades\/santaines\/wp-json\/wp\/v2\/users\/86"}],"replies":[{"embeddable":true,"href":"https:\/\/www.ifbaiano.edu.br\/unidades\/santaines\/wp-json\/wp\/v2\/comments?post=13697"}],"version-history":[{"count":1,"href":"https:\/\/www.ifbaiano.edu.br\/unidades\/santaines\/wp-json\/wp\/v2\/posts\/13697\/revisions"}],"predecessor-version":[{"id":13699,"href":"https:\/\/www.ifbaiano.edu.br\/unidades\/santaines\/wp-json\/wp\/v2\/posts\/13697\/revisions\/13699"}],"wp:featuredmedia":[{"embeddable":true,"href":"https:\/\/www.ifbaiano.edu.br\/unidades\/santaines\/wp-json\/wp\/v2\/media\/13698"}],"wp:attachment":[{"href":"https:\/\/www.ifbaiano.edu.br\/unidades\/santaines\/wp-json\/wp\/v2\/media?parent=13697"}],"wp:term":[{"taxonomy":"category","embeddable":true,"href":"https:\/\/www.ifbaiano.edu.br\/unidades\/santaines\/wp-json\/wp\/v2\/categories?post=13697"},{"taxonomy":"post_tag","embeddable":true,"href":"https:\/\/www.ifbaiano.edu.br\/unidades\/santaines\/wp-json\/wp\/v2\/tags?post=13697"}],"curies":[{"name":"wp","href":"https:\/\/api.w.org\/{rel}","templated":true}]}}