{"id":1374,"date":"2012-03-12T12:42:18","date_gmt":"2012-03-12T15:42:18","guid":{"rendered":"http:\/\/www.ifbaiano.edu.br\/unidades\/santaines\/?p=1374"},"modified":"2012-03-12T12:42:18","modified_gmt":"2012-03-12T15:42:18","slug":"resultado-pos-recurso-da-selecao-de-bolsistas-do-pronatec-3","status":"publish","type":"post","link":"https:\/\/www.ifbaiano.edu.br\/unidades\/santaines\/resultado-pos-recurso-da-selecao-de-bolsistas-do-pronatec-3\/","title":{"rendered":"Resultado p\u00f3s-recurso da sele\u00e7\u00e3o de bolsistas do Pronatec"},"content":{"rendered":"<p>Ap\u00f3s an\u00e1lise est\u00e1 dispon\u00edvel o resultado da sele\u00e7\u00e3o referente \u00e0 Chamada Interna de Extens\u00e3o \u2013 Sele\u00e7\u00e3o de Bolsista do Pronatec.<\/p>\n<p><a href=\"http:\/\/www.ifbaiano.edu.br\/unidades\/santaines\/files\/2012\/03\/RESPOSTA-AOS-RECURSOS.pdf\" target=\"_blank\">Confira aqui a resposta aos recursos link<\/a><br \/>\n<a href=\"http:\/\/www.ifbaiano.edu.br\/unidades\/santaines\/files\/2012\/03\/RESULTADO-HOMOLOGADO.pdf\">Confira aqui a lista dos classificado link<\/a><\/p>\n","protected":false},"excerpt":{"rendered":"<p>Ap\u00f3s an\u00e1lise est\u00e1 dispon\u00edvel o resultado da sele\u00e7\u00e3o referente \u00e0 Chamada Interna de Extens\u00e3o \u2013 Sele\u00e7\u00e3o de Bolsista do Pronatec. Confira aqui a resposta aos recursos link Confira aqui a lista dos classificado link<\/p>\n","protected":false},"author":26,"featured_media":0,"comment_status":"closed","ping_status":"closed","sticky":false,"template":"","format":"standard","meta":[],"categories":[10],"tags":[],"_links":{"self":[{"href":"https:\/\/www.ifbaiano.edu.br\/unidades\/santaines\/wp-json\/wp\/v2\/posts\/1374"}],"collection":[{"href":"https:\/\/www.ifbaiano.edu.br\/unidades\/santaines\/wp-json\/wp\/v2\/posts"}],"about":[{"href":"https:\/\/www.ifbaiano.edu.br\/unidades\/santaines\/wp-json\/wp\/v2\/types\/post"}],"author":[{"embeddable":true,"href":"https:\/\/www.ifbaiano.edu.br\/unidades\/santaines\/wp-json\/wp\/v2\/users\/26"}],"replies":[{"embeddable":true,"href":"https:\/\/www.ifbaiano.edu.br\/unidades\/santaines\/wp-json\/wp\/v2\/comments?post=1374"}],"version-history":[{"count":2,"href":"https:\/\/www.ifbaiano.edu.br\/unidades\/santaines\/wp-json\/wp\/v2\/posts\/1374\/revisions"}],"predecessor-version":[{"id":1376,"href":"https:\/\/www.ifbaiano.edu.br\/unidades\/santaines\/wp-json\/wp\/v2\/posts\/1374\/revisions\/1376"}],"wp:attachment":[{"href":"https:\/\/www.ifbaiano.edu.br\/unidades\/santaines\/wp-json\/wp\/v2\/media?parent=1374"}],"wp:term":[{"taxonomy":"category","embeddable":true,"href":"https:\/\/www.ifbaiano.edu.br\/unidades\/santaines\/wp-json\/wp\/v2\/categories?post=1374"},{"taxonomy":"post_tag","embeddable":true,"href":"https:\/\/www.ifbaiano.edu.br\/unidades\/santaines\/wp-json\/wp\/v2\/tags?post=1374"}],"curies":[{"name":"wp","href":"https:\/\/api.w.org\/{rel}","templated":true}]}}