{"id":13752,"date":"2020-07-01T16:25:20","date_gmt":"2020-07-01T19:25:20","guid":{"rendered":"https:\/\/www.ifbaiano.edu.br\/unidades\/santaines\/?p=13752"},"modified":"2020-07-01T16:25:20","modified_gmt":"2020-07-01T19:25:20","slug":"propes-seleciona-proposta-que-concorrera-ao-programa-oficinas-4-0","status":"publish","type":"post","link":"https:\/\/www.ifbaiano.edu.br\/unidades\/santaines\/propes-seleciona-proposta-que-concorrera-ao-programa-oficinas-4-0\/","title":{"rendered":"Propes seleciona proposta que concorrer\u00e1 ao programa Oficinas 4.0"},"content":{"rendered":"\n<p>A Pr\u00f3-reitoria de Pesquisa de Inova\u00e7\u00e3o (Propes) recebe, at\u00e9 o dia 16 de agosto, propostas de inova\u00e7\u00e3o tecnol\u00f3gica no contexto da Economia 4.0 para representar o IF Baiano no programa de capacita\u00e7\u00e3o Oficinas 4.0 do Instituto Federal de Educa\u00e7\u00e3o, Ci\u00eancia e Tecnologia do Esp\u00edrito Santo (Ifes). A equipe selecionada dever\u00e1 ser mista e verticalizada e ter\u00e1 seu projeto inscrito pela Reitoria no&nbsp;<a href=\"https:\/\/www.ifes.edu.br\/images\/stories\/-publicacoes\/chamadas-publicas\/2020\/02-2020\/edital-oficinas-4-retificado-18-6.pdf\">edital Ifes 02\/2020<\/a>, concorrendo com outras propostas da Rede Federal \u00e0s 15 vagas disponibilizadas pelo programa.<\/p>\n\n\n\n<p>O Oficinas 4.0 \u00e9 um programa de capacita\u00e7\u00e3o com oficinas extracurriculares, executadas em espa\u00e7os de constru\u00e7\u00e3o coletiva, voltadas \u00e0 cria\u00e7\u00e3o de solu\u00e7\u00f5es para demandas reais oriundas do setor produtivo, com o objetivo de desenvolver, em estudantes do ensino t\u00e9cnico, de gradua\u00e7\u00e3o e p\u00f3s-gradua\u00e7\u00e3o, as compet\u00eancias e habilidades requeridas pela Economia 4.0. Esta diz respeito \u00e0 transforma\u00e7\u00e3o do padr\u00e3o da atividade econ\u00f4mica, baseada na introdu\u00e7\u00e3o, desenvolvimento e difus\u00e3o das tecnologias digitais, na automa\u00e7\u00e3o e no uso intensivo de dados.<\/p>\n\n\n\n<p>Conforme estabelece o&nbsp;<a href=\"https:\/\/concurso.ifbaiano.edu.br\/portal\/oficinas-junho-2020\/wp-content\/uploads\/sites\/347\/2020\/06\/Edital-n%C2%BA-77-Oficinas-4.0.pdf\">edital<\/a>, as propostas devem conter, no m\u00ednimo, uma institui\u00e7\u00e3o parceira do setor produtivo e uma institui\u00e7\u00e3o p\u00fablica da educa\u00e7\u00e3o b\u00e1sica das redes estadual ou municipal nos projetos de inova\u00e7\u00e3o e difus\u00e3o tecnol\u00f3gica. As propostas passar\u00e3o por duas fases de avalia\u00e7\u00e3o: documental e a avalia\u00e7\u00e3o da proposta. Propostas com documenta\u00e7\u00e3o incompleta ser\u00e3o automaticamente eliminadas. Os crit\u00e9rios de avalia\u00e7\u00e3o levar\u00e3o em conta a qualidade dos projetos, a qualidade dos professores membros da equipe, a infraestrutura do campus de execu\u00e7\u00e3o e seu impacto social.<\/p>\n\n\n\n<p>A proposta selecionada pleitear\u00e1 recursos financeiros de R$ 216 mil. Os interessados em participar da sele\u00e7\u00e3o devem encaminhar proposta e documenta\u00e7\u00e3o para o e-mail&nbsp;<a href=\"mailto:pos.graduacao@reitoria.ifbaiano.edu.br\">pos.graduacao@reitoria.ifbaiano.edu.br<\/a>&nbsp;e conferir informa\u00e7\u00f5es detalhadas sobre o processo seletivo na p\u00e1gina&nbsp;<a href=\"https:\/\/concurso.ifbaiano.edu.br\/portal\/oficinas-junho-2020\/\">Concursos e Sele\u00e7\u00f5es<\/a>.<\/p>\n","protected":false},"excerpt":{"rendered":"<p>Propostas podem ser encaminhadas at\u00e9 16 de agosto<\/p>\n","protected":false},"author":86,"featured_media":13753,"comment_status":"closed","ping_status":"closed","sticky":false,"template":"","format":"standard","meta":[],"categories":[4,10,57],"tags":[],"_links":{"self":[{"href":"https:\/\/www.ifbaiano.edu.br\/unidades\/santaines\/wp-json\/wp\/v2\/posts\/13752"}],"collection":[{"href":"https:\/\/www.ifbaiano.edu.br\/unidades\/santaines\/wp-json\/wp\/v2\/posts"}],"about":[{"href":"https:\/\/www.ifbaiano.edu.br\/unidades\/santaines\/wp-json\/wp\/v2\/types\/post"}],"author":[{"embeddable":true,"href":"https:\/\/www.ifbaiano.edu.br\/unidades\/santaines\/wp-json\/wp\/v2\/users\/86"}],"replies":[{"embeddable":true,"href":"https:\/\/www.ifbaiano.edu.br\/unidades\/santaines\/wp-json\/wp\/v2\/comments?post=13752"}],"version-history":[{"count":1,"href":"https:\/\/www.ifbaiano.edu.br\/unidades\/santaines\/wp-json\/wp\/v2\/posts\/13752\/revisions"}],"predecessor-version":[{"id":13754,"href":"https:\/\/www.ifbaiano.edu.br\/unidades\/santaines\/wp-json\/wp\/v2\/posts\/13752\/revisions\/13754"}],"wp:featuredmedia":[{"embeddable":true,"href":"https:\/\/www.ifbaiano.edu.br\/unidades\/santaines\/wp-json\/wp\/v2\/media\/13753"}],"wp:attachment":[{"href":"https:\/\/www.ifbaiano.edu.br\/unidades\/santaines\/wp-json\/wp\/v2\/media?parent=13752"}],"wp:term":[{"taxonomy":"category","embeddable":true,"href":"https:\/\/www.ifbaiano.edu.br\/unidades\/santaines\/wp-json\/wp\/v2\/categories?post=13752"},{"taxonomy":"post_tag","embeddable":true,"href":"https:\/\/www.ifbaiano.edu.br\/unidades\/santaines\/wp-json\/wp\/v2\/tags?post=13752"}],"curies":[{"name":"wp","href":"https:\/\/api.w.org\/{rel}","templated":true}]}}