{"id":13758,"date":"2020-07-02T10:13:53","date_gmt":"2020-07-02T13:13:53","guid":{"rendered":"https:\/\/www.ifbaiano.edu.br\/unidades\/santaines\/?p=13758"},"modified":"2020-07-02T10:13:53","modified_gmt":"2020-07-02T13:13:53","slug":"if-baiano-participa-de-ato-virtual-em-defesa-da-ciencia","status":"publish","type":"post","link":"https:\/\/www.ifbaiano.edu.br\/unidades\/santaines\/if-baiano-participa-de-ato-virtual-em-defesa-da-ciencia\/","title":{"rendered":"IF Baiano participa de ato virtual em defesa da ci\u00eancia"},"content":{"rendered":"\n<p>O Instituto Federal de Educa\u00e7\u00e3o, Ci\u00eancia e Tecnologia Baiano (IF Baiano) \u00e9 uma das institui\u00e7\u00f5es que participam, nesta quinta-feira, do cortejo virtual \u201c2 de Julho em Defesa da Ci\u00eancia\u201d, promovido pela Academia de Ci\u00eancias da Bahia. A manifesta\u00e7\u00e3o, que tradicionalmente percorre as ruas de Salvador, reunindo professores, estudantes e pesquisadores de institui\u00e7\u00f5es de educa\u00e7\u00e3o do estado, ocorre, desta vez, de forma virtual, por conta da pandemia de Covid-19.&nbsp;<\/p>\n\n\n\n<p>O evento ter\u00e1 programa\u00e7\u00e3o de 9h \u00e0s 17h, incluindo abertura e mesas de discuss\u00f5es. O IF Baiano estar\u00e1 presente em duas dessas mesas. \u00c0s 11h, o reitor do IF Baiano, A\u00e9cio Jos\u00e9 Duarte, participa de mesa com representantes das Institui\u00e7\u00f5es P\u00fablicas de Educa\u00e7\u00e3o Superior.<\/p>\n\n\n\n<p>Para o reitor, participar desse ato ganha ainda mais for\u00e7a no atual momento, em que a capacidade das institui\u00e7\u00f5es de produzir ci\u00eancia est\u00e1 sendo questionada. \u201c\u00c9 emblem\u00e1tico que, nesse dia da Independ\u00eancia da Bahia, fa\u00e7amos um movimento como esse. S\u00f3 faz esse tipo de questionamento quem n\u00e3o vivencia o que n\u00f3s vivenciamos dentro das nossas institui\u00e7\u00f5es, quem nunca teve a oportunidade de ver a transforma\u00e7\u00e3o de um aluno, a mudan\u00e7a de perspectiva, a partir do momento que ele participa de um projeto cient\u00edfico\u201d, frisou o dirigente.<\/p>\n\n\n\n<figure class=\"wp-block-gallery columns-2 is-cropped wp-block-gallery-1 is-layout-flex\"><ul class=\"blocks-gallery-grid\"><li class=\"blocks-gallery-item\"><figure><img decoding=\"async\" loading=\"lazy\" width=\"1080\" height=\"1080\" src=\"https:\/\/www.ifbaiano.edu.br\/unidades\/santaines\/files\/2020\/07\/036481a5-d735-4045-afcd-11fbfe6bbd25.jpg\" alt=\"\" data-id=\"13760\" data-link=\"https:\/\/www.ifbaiano.edu.br\/unidades\/santaines\/?attachment_id=13760\" class=\"wp-image-13760\" \/><\/figure><\/li><li class=\"blocks-gallery-item\"><figure><img decoding=\"async\" loading=\"lazy\" width=\"1080\" height=\"1080\" src=\"https:\/\/www.ifbaiano.edu.br\/unidades\/santaines\/files\/2020\/07\/b0106e1f-ed0a-4e91-9195-481811697562.jpg\" alt=\"\" data-id=\"13761\" data-link=\"https:\/\/www.ifbaiano.edu.br\/unidades\/santaines\/?attachment_id=13761\" class=\"wp-image-13761\" \/><\/figure><\/li><\/ul><\/figure>\n\n\n\n<p>E \u00e0s 14h, o professor do IF Baiano, Aisamaque Souza, junto a equipe do \u201cLibrasInterConect Interconex\u00e3o dos profissionais int\u00e9rpretes de Libras com os profissionais da sa\u00fade no atendimento \u00e0s Pessoas Surdas e no combate ao novo Coronav\u00edrus (SARS-Cov-2\/Covid-19)\u201d, integram a mesa intitulada Redu\u00e7\u00e3o das Desigualdades. \u201cVamos discutir sobre o processo de inclus\u00e3o na \u00e1rea da sa\u00fade, fazendo uma reflex\u00e3o do papel hist\u00f3rico das lutas das pessoas surdas, e como os Int\u00e9rpretes de libras s\u00e3o uma ferramenta de inclus\u00e3o social das pessoas surdas\u201d, conta Aisamaque.<\/p>\n\n\n\n<p>Tamb\u00e9m comp\u00f5em o debate, o Prof. Othon Jambeiro (ACB \/ UFBA), moderador da mesa, e as professoras Maria Cl\u00e1udia Ferreira (UNILAB) e Am\u00e9lia Tereza Maraux (UNEB), que tamb\u00e9m apresentar\u00e3o projetos relacionados ao tema.&nbsp;<\/p>\n\n\n\n<p>Os links para acessar a programa\u00e7\u00e3o est\u00e3o dispon\u00edveis no&nbsp;<a href=\"http:\/\/cienciasbahia.org.br\/2dejulho\/#features-2\">site do evento<\/a>.<\/p>\n","protected":false},"excerpt":{"rendered":"<p>Na data em que se comemora a luta pela independ\u00eancia do Brasil na Bahia, institui\u00e7\u00f5es se manifestam em defesa da ci\u00eancia.<\/p>\n","protected":false},"author":86,"featured_media":0,"comment_status":"closed","ping_status":"closed","sticky":false,"template":"","format":"standard","meta":[],"categories":[4,10,57],"tags":[],"_links":{"self":[{"href":"https:\/\/www.ifbaiano.edu.br\/unidades\/santaines\/wp-json\/wp\/v2\/posts\/13758"}],"collection":[{"href":"https:\/\/www.ifbaiano.edu.br\/unidades\/santaines\/wp-json\/wp\/v2\/posts"}],"about":[{"href":"https:\/\/www.ifbaiano.edu.br\/unidades\/santaines\/wp-json\/wp\/v2\/types\/post"}],"author":[{"embeddable":true,"href":"https:\/\/www.ifbaiano.edu.br\/unidades\/santaines\/wp-json\/wp\/v2\/users\/86"}],"replies":[{"embeddable":true,"href":"https:\/\/www.ifbaiano.edu.br\/unidades\/santaines\/wp-json\/wp\/v2\/comments?post=13758"}],"version-history":[{"count":2,"href":"https:\/\/www.ifbaiano.edu.br\/unidades\/santaines\/wp-json\/wp\/v2\/posts\/13758\/revisions"}],"predecessor-version":[{"id":13762,"href":"https:\/\/www.ifbaiano.edu.br\/unidades\/santaines\/wp-json\/wp\/v2\/posts\/13758\/revisions\/13762"}],"wp:attachment":[{"href":"https:\/\/www.ifbaiano.edu.br\/unidades\/santaines\/wp-json\/wp\/v2\/media?parent=13758"}],"wp:term":[{"taxonomy":"category","embeddable":true,"href":"https:\/\/www.ifbaiano.edu.br\/unidades\/santaines\/wp-json\/wp\/v2\/categories?post=13758"},{"taxonomy":"post_tag","embeddable":true,"href":"https:\/\/www.ifbaiano.edu.br\/unidades\/santaines\/wp-json\/wp\/v2\/tags?post=13758"}],"curies":[{"name":"wp","href":"https:\/\/api.w.org\/{rel}","templated":true}]}}