{"id":13778,"date":"2020-07-15T18:28:18","date_gmt":"2020-07-15T21:28:18","guid":{"rendered":"https:\/\/www.ifbaiano.edu.br\/unidades\/santaines\/?p=13778"},"modified":"2020-07-15T18:28:18","modified_gmt":"2020-07-15T21:28:18","slug":"if-baiano-seleciona-projetos-para-capacitacao-e-inovacao-em-economia-4-0","status":"publish","type":"post","link":"https:\/\/www.ifbaiano.edu.br\/unidades\/santaines\/if-baiano-seleciona-projetos-para-capacitacao-e-inovacao-em-economia-4-0\/","title":{"rendered":"IF Baiano seleciona projetos para capacita\u00e7\u00e3o e inova\u00e7\u00e3o em Economia 4.0"},"content":{"rendered":"\n<p>O Instituto Federal de Educa\u00e7\u00e3o, Ci\u00eancia e Tecnologia Baiano (IF Baiano) tornou p\u00fablicos, nesta ter\u00e7a-feira, 14, editais de convoca\u00e7\u00e3o para a inscri\u00e7\u00e3o de trabalhos que promovam a Economia 4.0. Os editais de n\u00famero 85 e 86 dizem respeito a dois certames que devem contar com a inscri\u00e7\u00e3o de grupos de servidores e alunos regularmente matriculados na institui\u00e7\u00e3o e que selecionar\u00e3o, respectivamente, trabalhos com tem\u00e1ticas de inicia\u00e7\u00e3o tecnol\u00f3gica e de empreendedorismo inovador.<\/p>\n\n\n\n<p>As duas tem\u00e1ticas devem estar inseridas no contexto da Economia 4.0, que faz refer\u00eancia ao uso de tecnologias e aplica\u00e7\u00f5es digitais em a\u00e7\u00f5es e atividades que impactem, de forma positiva, transversalmente os tr\u00eas setores base da economia: a agricultura, a ind\u00fastria e os servi\u00e7os. \u201cO Brasil \u00e9 destaque em publica\u00e7\u00f5es cient\u00edficas, mas \u00e9 pouco inovador e esses editais objetivam levar os pesquisadores dos Institutos a atuar junto ao setor produtivo e estimular o empreendedorismo inovador. Com o aporte do MEC, foi poss\u00edvel publicar esses editais para preparar ou incentivar a atua\u00e7\u00e3o dos IFs frente ao desafio do pa\u00eds de se tornar mais inovador e superar as dificuldades de inefici\u00eancia produtiva que tem nos colocado em posi\u00e7\u00f5es ruins em termos de ranking internacional\u201d, explica Jaqueline Vieira, coordenadora do N\u00facleo de Inova\u00e7\u00e3o Tecnol\u00f3gica do IF Baiano.<\/p>\n\n\n\n<p>Os trabalhos selecionados ser\u00e3o submetidos \u00e0s Chamadas P\u00fablicas 03 e 05\/2020 do Instituto Federal de Educa\u00e7\u00e3o, Ci\u00eancia e Tecnologia do Esp\u00edrito Santo (IFES), em parceria com o Minist\u00e9rio da Educa\u00e7\u00e3o, nas quais concorrer\u00e3o com projetos de outros Institutos da Rede Federal de Educa\u00e7\u00e3o Profissional, Cient\u00edfica e Tecnol\u00f3gica (Rede Federal) com o intuito de receberem bolsas e apoio financeiro para execu\u00e7\u00e3o das propostas.<\/p>\n\n\n\n<p><strong>Inicia\u00e7\u00e3o tecnol\u00f3gica<\/strong><\/p>\n\n\n\n<p>O&nbsp;<a href=\"https:\/\/concurso.ifbaiano.edu.br\/portal\/iniciacao-tecnologica-julho-2020\/wp-content\/uploads\/sites\/352\/2020\/07\/Edital-85_2020-Inicia%C3%A7%C3%A3o-tecnol%C3%B3gica.pdf\">edital n\u00b0 85<\/a>&nbsp;do IF Baiano, que faz parte de uma chamada conjunta das Pr\u00f3-Reitorias de Pesquisa e Inova\u00e7\u00e3o, Extens\u00e3o e Ensino, selecionar\u00e1 at\u00e9 oito projetos de capacita\u00e7\u00e3o estudantil em inicia\u00e7\u00e3o tecnol\u00f3gica para concorrer ao programa Novos Caminhos. Os projetos selecionados ser\u00e3o voltados para a forma\u00e7\u00e3o de estudantes do ensino m\u00e9dio t\u00e9cnico, m\u00e9dio regular e dos anos finais do ensino fundamental, das redes p\u00fablicas municipais ou estaduais de ensino, em habilidades relacionadas \u00e0s novas tecnologias digitais no contexto da Economia 4.0.<\/p>\n\n\n\n<p>As equipes de trabalho devem ser mistas, com parceria entre o IF Baiano e secretaria estadual ou municipal de educa\u00e7\u00e3o. Elas devem ser compostas por coordenador do projeto, instrutor, monitor e multiplicador, sendo este colaborador externo de n\u00edvel superior, indicado pela secretaria parceira do projeto. Os requisitos de cada membro da equipe est\u00e3o detalhados em edital.<\/p>\n\n\n\n<p>A submiss\u00e3o dos trabalhos acontecer\u00e1 no per\u00edodo de 03 e 09 de agosto, atrav\u00e9s de envio da documenta\u00e7\u00e3o e da proposta para o e-mail nit@ifbaiano.edu.br. O resultado final est\u00e1 previsto para ser divulgado em 31 de agosto. Cada proposta contemplada capacitar\u00e1, pelo menos, 160 estudantes da rede p\u00fablica. Os projetos selecionados pelo Programa Novos Caminhos receber\u00e3o financiamento de R$ 70 mil em bolsas e R$ 53 mil em infraestrutura.<\/p>\n\n\n\n<figure class=\"wp-block-image\"><img decoding=\"async\" src=\"https:\/\/ifbaiano.edu.br\/portal\/wp-content\/uploads\/2020\/07\/checklist-projetos-novos-caminhos-edital-03-2020.png\" alt=\"\" class=\"wp-image-16967\" \/><\/figure>\n\n\n\n<p><strong>Empreendedorismo inovador<\/strong><\/p>\n\n\n\n<p>O&nbsp;<a href=\"https:\/\/concurso.ifbaiano.edu.br\/portal\/empreendedorismo-inovador-julho-2020\/wp-content\/uploads\/sites\/353\/2020\/07\/Edital-86_2020-_Chamada-Conjunta-PROPES_PROEN_PROEX-N%C2%BA-02_2020.pdf\">edital n\u00b0 86&nbsp;<\/a>do IF Baiano selecionar\u00e1 at\u00e9 nove trabalhos, os quais devem ser compostos por, no m\u00ednimo, um coordenador de projeto, um aluno do ensino t\u00e9cnico de n\u00edvel m\u00e9dio e um de curso superior regularmente matriculados no Instituto. As propostas devem estar inseridas na tem\u00e1tica central \u201cEmpreendedorismo inovador no contexto da Economia 4.0\u201d e nas \u00e1reas de Agricultura 4.0, Ind\u00fastria 4.0 ou Servi\u00e7os 4.0.<\/p>\n\n\n\n<p>O per\u00edodo de submiss\u00e3o das propostas vai de 27 de julho a 2 de agosto. Os proponentes devem conferir a lista de documenta\u00e7\u00e3o necess\u00e1ria no edital e preencher corretamente o Plano de Pesquisa, Desenvolvimento e Inova\u00e7\u00e3o e Modelo de Neg\u00f3cio. Ao preencher toda a documenta\u00e7\u00e3o, as propostas devem ser encaminhadas para o e-mail a nit@ifbaiano.edu.br.<\/p>\n\n\n\n<p>Com a inscri\u00e7\u00e3o realizada, os candidatos devem aguardar o resultado da an\u00e1lise documental, a ser divulgado no dia 5 de agosto, e a avalia\u00e7\u00e3o dos projetos at\u00e9 o dia 11. As propostas selecionadas para concorrerem a at\u00e9 3 vagas (um projeto por \u00e1rea) das 60 vagas dispon\u00edveis no edital IFES 05\/2020 ser\u00e3o conhecidas no dia 13 de agosto. Os 60 projetos selecionados ser\u00e3o contemplados com bolsas de at\u00e9 R$ 1.800 e apoio financeiro de R$ 93 mil para sua execu\u00e7\u00e3o.<\/p>\n","protected":false},"excerpt":{"rendered":"<p>A submiss\u00e3o dos trabalhos acontecer\u00e1 no per\u00edodo de 03 e 09 de agosto<\/p>\n","protected":false},"author":86,"featured_media":13779,"comment_status":"closed","ping_status":"closed","sticky":false,"template":"","format":"standard","meta":[],"categories":[4,10,57],"tags":[],"_links":{"self":[{"href":"https:\/\/www.ifbaiano.edu.br\/unidades\/santaines\/wp-json\/wp\/v2\/posts\/13778"}],"collection":[{"href":"https:\/\/www.ifbaiano.edu.br\/unidades\/santaines\/wp-json\/wp\/v2\/posts"}],"about":[{"href":"https:\/\/www.ifbaiano.edu.br\/unidades\/santaines\/wp-json\/wp\/v2\/types\/post"}],"author":[{"embeddable":true,"href":"https:\/\/www.ifbaiano.edu.br\/unidades\/santaines\/wp-json\/wp\/v2\/users\/86"}],"replies":[{"embeddable":true,"href":"https:\/\/www.ifbaiano.edu.br\/unidades\/santaines\/wp-json\/wp\/v2\/comments?post=13778"}],"version-history":[{"count":1,"href":"https:\/\/www.ifbaiano.edu.br\/unidades\/santaines\/wp-json\/wp\/v2\/posts\/13778\/revisions"}],"predecessor-version":[{"id":13780,"href":"https:\/\/www.ifbaiano.edu.br\/unidades\/santaines\/wp-json\/wp\/v2\/posts\/13778\/revisions\/13780"}],"wp:featuredmedia":[{"embeddable":true,"href":"https:\/\/www.ifbaiano.edu.br\/unidades\/santaines\/wp-json\/wp\/v2\/media\/13779"}],"wp:attachment":[{"href":"https:\/\/www.ifbaiano.edu.br\/unidades\/santaines\/wp-json\/wp\/v2\/media?parent=13778"}],"wp:term":[{"taxonomy":"category","embeddable":true,"href":"https:\/\/www.ifbaiano.edu.br\/unidades\/santaines\/wp-json\/wp\/v2\/categories?post=13778"},{"taxonomy":"post_tag","embeddable":true,"href":"https:\/\/www.ifbaiano.edu.br\/unidades\/santaines\/wp-json\/wp\/v2\/tags?post=13778"}],"curies":[{"name":"wp","href":"https:\/\/api.w.org\/{rel}","templated":true}]}}