{"id":13785,"date":"2020-07-20T14:23:32","date_gmt":"2020-07-20T17:23:32","guid":{"rendered":"https:\/\/www.ifbaiano.edu.br\/unidades\/santaines\/?p=13785"},"modified":"2020-07-21T10:09:56","modified_gmt":"2020-07-21T13:09:56","slug":"if-baiano-e-ifba-celebram-juntos-o-dia-do-amigo","status":"publish","type":"post","link":"https:\/\/www.ifbaiano.edu.br\/unidades\/santaines\/if-baiano-e-ifba-celebram-juntos-o-dia-do-amigo\/","title":{"rendered":"IF Baiano e IFBA celebram juntos o Dia do Amigo"},"content":{"rendered":"\n<p>O Instituto Federal de Educa\u00e7\u00e3o, Ci\u00eancia e Tecnologia Baiano (IF Baiano) e o Instituto Federal de Educa\u00e7\u00e3o, Ci\u00eancia e Tecnologia da Bahia (IFBA) s\u00e3o amigos desde o ano de 2008, quando foram oficialmente fundados por meio da lei 11.892 de 29 de dezembro.<\/p>\n\n\n\n<p>E em celebra\u00e7\u00e3o ao Dia Internacional do Amigo, ou da Amizade, comemorado hoje (20), os dois institutos fizeram a&nbsp;<a href=\"https:\/\/www.instagram.com\/p\/CC3j6joFbAi\/\" target=\"_blank\" rel=\"noreferrer noopener\">publica\u00e7\u00e3o conjunta de uma campanha em suas redes sociais<\/a>&nbsp;oficiais com o objetivo de refor\u00e7ar e reafirmar a uni\u00e3o entre as institui\u00e7\u00f5es, constru\u00edda durantes esses 12 anos de oferta de educa\u00e7\u00e3o profissional p\u00fablica, gratuita e de excel\u00eancia na Bahia.<\/p>\n\n\n\n<p><strong>Amigos com hist\u00f3rias similares<\/strong><\/p>\n\n\n\n<p>As institui\u00e7\u00f5es s\u00e3o distintas, mas as hist\u00f3rias s\u00e3o bem parecidas, pois ambas foram fundadas a partir da exist\u00eancia de outras escolas. Enquanto o IF Baiano foi institu\u00eddo atrav\u00e9s das antigas Escolas M\u00e9dias de Agropecu\u00e1ria Regionais da Ceplac (EMARC) , o IFBA se firmou a partir dos antigos Centros Federais de Educa\u00e7\u00e3o Tecnol\u00f3gica da Bahia (CEFET). A partir da\u00ed, as duas institui\u00e7\u00f5es se expandiram e hoje ocupam juntas todos os 27 territ\u00f3rios de identidade da Bahia e juntos atendem mais de 51.200 estudantes, sejam discentes das ci\u00eancias agr\u00e1rias e agr\u00edcolas, como \u00e9 o foco do IF Baiano, ou de diversas \u00e1reas do conhecimento, no caso do IFBA.<\/p>\n\n\n\n<p><strong>Amizade marcada por uma miss\u00e3o em comum<\/strong><\/p>\n\n\n\n<p>Al\u00e9m das hist\u00f3rias, os objetivos dos dois \u00fanicos institutos federais presentes Bahia tamb\u00e9m se assemelham e por isso v\u00eam se apoiando. \u201cApesar da atua\u00e7\u00e3o em nichos diferentes temos a mesma miss\u00e3o e objetivo e, por isso, temos que cultivar essa amizade e nos apoiar mutuamente. Pertencemos a uma mesma rede, a Rede Federal de [Educa\u00e7\u00e3o Profissional, Cient\u00edfica e Tecnol\u00f3gica], e temos a miss\u00e3o de mudar a vida das pessoas atrav\u00e9s disso\u201d, comenta o reitor do IF Baiano, professor A\u00e9cio Jos\u00e9 Duarte.<\/p>\n\n\n\n<p>A produ\u00e7\u00e3o de conhecimento \u00e9 uma das principais semelhan\u00e7as entre os dois institutos, a qual \u00e9 refletida tanto no ensino m\u00e9dio t\u00e9cnico, quanto na gradua\u00e7\u00e3o, p\u00f3s-gradua\u00e7\u00e3o e doutorado, pois, tanto o IF Baiano quanto o IFBA se destacam em feiras cient\u00edficas nacionais e internacionais atrav\u00e9s de resultados de pesquisas idealizadas e executadas em salas de aula e laborat\u00f3rios. S\u00e3o atua\u00e7\u00f5es embasadas nos pilares que constituem o trip\u00e9 da educa\u00e7\u00e3o p\u00fablica de qualidade: o ensino, a pesquisa e a extens\u00e3o.<\/p>\n\n\n\n<p><strong>Amigos engajados no enfrentamento da pandemia<\/strong><\/p>\n\n\n\n<p>Os pesquisadores, que s\u00e3o professores e alunos de diferentes idades e modalidades, s\u00e3o grandes atuantes para o avan\u00e7o da ci\u00eancia e, ao mesmo tempo, para o benef\u00edcio da sociedade. Em um momento t\u00e3o delicado de pandemia, por exemplo, vivenciado atualmente pela popula\u00e7\u00e3o mundial, as duas institui\u00e7\u00f5es federais presentes na Bahia t\u00eam cumprido sua miss\u00e3o junto \u00e0 sociedade e contribuindo para a preven\u00e7\u00e3o da popula\u00e7\u00e3o no combate da Covid-19, doen\u00e7a causada pelo novo coronav\u00edrus.<\/p>\n\n\n\n<p>Nesse cen\u00e1rio, o IF Baiano e o IFBA v\u00eam sendo institui\u00e7\u00f5es muito atuantes, pois desde a confirma\u00e7\u00e3o oficial do primeiro caso de coronav\u00edrus no Brasil, no dia 26 de fevereiro, desenvolvem projetos para amenizar os impactos sociais em meio \u00e0 crise sanit\u00e1ria. Seja atrav\u00e9s da&nbsp;<a rel=\"noreferrer noopener\" href=\"https:\/\/ifbaiano.edu.br\/portal\/blog\/2020\/05\/15\/projetos-do-if-baiano-sao-aprovados-em-edital-do-conif-para-enfrentamento-da-covid-19\/\" target=\"_blank\">cria\u00e7\u00e3o de c\u00e2maras de higieniza\u00e7\u00e3o autom\u00e1tica<\/a>, desenvolvidas por uma equipe multidisciplinar do IF Baiano, ou de um&nbsp;<a rel=\"noreferrer noopener\" href=\"https:\/\/portal.ifba.edu.br\/salvador\/comunicacao\/noticias\/2020\/projeto-do-ifba-e-aprovado-em-edital-do-conif-para-o-enfrentamento-a-covid-19\" target=\"_blank\">projeto que visa ajudar na previsibilidade de oferta, demanda e perman\u00eancia de pacientes em leitos<\/a>&nbsp;de campanha destinados \u00e0 Covid-19, idealizado por doutorandos do IFBA, as institui\u00e7\u00f5es se somam para colaborarem atrav\u00e9s dessas e outras centenas de a\u00e7\u00f5es, com a popula\u00e7\u00e3o baiana e, consequentemente, com o pa\u00eds.<\/p>\n\n\n\n<p>\u201cComo em toda amizade, nos sentimos mais seguros por estarmos juntos, porque colaboramos com o fortalecimentos das rela\u00e7\u00f5es institucionais e com a sociedade em uma quadra hist\u00f3rica que tem sido t\u00e3o dif\u00edcil como essa que estamos enfrentando. Por isso, precisamos estar juntos, unidos, na defesa das nossas institui\u00e7\u00f5es\u201d afirma a reitora do IFBA, Luzia Mota, destacando tamb\u00e9m que \u201cessa amizade \u00e9 de comunidade para comunidade, constru\u00edda por cada servidor, estudantes e gestor\u201d.<\/p>\n","protected":false},"excerpt":{"rendered":"<p>Para marcar a data, as institui\u00e7\u00f5es promoveram a\u00e7\u00e3o conjunta nas redes sociais. Reitores comentaram sobre similaridades e diferen\u00e7as das duas institui\u00e7\u00f5es.<\/p>\n","protected":false},"author":86,"featured_media":13793,"comment_status":"closed","ping_status":"closed","sticky":false,"template":"","format":"standard","meta":[],"categories":[4,10,57],"tags":[],"_links":{"self":[{"href":"https:\/\/www.ifbaiano.edu.br\/unidades\/santaines\/wp-json\/wp\/v2\/posts\/13785"}],"collection":[{"href":"https:\/\/www.ifbaiano.edu.br\/unidades\/santaines\/wp-json\/wp\/v2\/posts"}],"about":[{"href":"https:\/\/www.ifbaiano.edu.br\/unidades\/santaines\/wp-json\/wp\/v2\/types\/post"}],"author":[{"embeddable":true,"href":"https:\/\/www.ifbaiano.edu.br\/unidades\/santaines\/wp-json\/wp\/v2\/users\/86"}],"replies":[{"embeddable":true,"href":"https:\/\/www.ifbaiano.edu.br\/unidades\/santaines\/wp-json\/wp\/v2\/comments?post=13785"}],"version-history":[{"count":1,"href":"https:\/\/www.ifbaiano.edu.br\/unidades\/santaines\/wp-json\/wp\/v2\/posts\/13785\/revisions"}],"predecessor-version":[{"id":13786,"href":"https:\/\/www.ifbaiano.edu.br\/unidades\/santaines\/wp-json\/wp\/v2\/posts\/13785\/revisions\/13786"}],"wp:featuredmedia":[{"embeddable":true,"href":"https:\/\/www.ifbaiano.edu.br\/unidades\/santaines\/wp-json\/wp\/v2\/media\/13793"}],"wp:attachment":[{"href":"https:\/\/www.ifbaiano.edu.br\/unidades\/santaines\/wp-json\/wp\/v2\/media?parent=13785"}],"wp:term":[{"taxonomy":"category","embeddable":true,"href":"https:\/\/www.ifbaiano.edu.br\/unidades\/santaines\/wp-json\/wp\/v2\/categories?post=13785"},{"taxonomy":"post_tag","embeddable":true,"href":"https:\/\/www.ifbaiano.edu.br\/unidades\/santaines\/wp-json\/wp\/v2\/tags?post=13785"}],"curies":[{"name":"wp","href":"https:\/\/api.w.org\/{rel}","templated":true}]}}