{"id":13796,"date":"2020-08-20T11:00:00","date_gmt":"2020-08-20T14:00:00","guid":{"rendered":"https:\/\/www.ifbaiano.edu.br\/unidades\/santaines\/?p=13796"},"modified":"2020-09-15T16:19:36","modified_gmt":"2020-09-15T19:19:36","slug":"ix-semana-de-zootecnia-acontece-no-campus-santa-ines","status":"publish","type":"post","link":"https:\/\/www.ifbaiano.edu.br\/unidades\/santaines\/ix-semana-de-zootecnia-acontece-no-campus-santa-ines\/","title":{"rendered":"IX Semana de Zootecnia est\u00e1 com inscri\u00e7\u00f5es abertas"},"content":{"rendered":"\n<p><\/p>\n\n\n\n<p>O&nbsp;<em>Campus<\/em>&nbsp;Santa In\u00eas do Instituto Federal de Educa\u00e7\u00e3o, Ci\u00eancia e Tecnologia Baiano \u2013 IF Baiano est\u00e1 com inscri\u00e7\u00f5es abertas para a IX Semana de Zootecnia. Os interessados em submeter trabalhos ao evento, que neste ano ser\u00e1 totalmente online, devido \u00e0 pandemia do novo coronav\u00edrus, devem enviar suas propostas at\u00e9 o dia 10 de agosto. As inscri\u00e7\u00f5es permanecer\u00e3o abertas at\u00e9 o dia 23 do mesmo m\u00eas, dia da abertura do evento.<\/p>\n\n\n\n<p>A IX Semana da Zootecnia acontecer\u00e1 entre os dias 23 e 28 deste m\u00eas e contar\u00e1 com discuss\u00f5es e palestras voltadas ao tema: \u201cA Zootecnia e a Atua\u00e7\u00e3o Profissional: Desafios e Inova\u00e7\u00f5es\u201d. O evento, transmitido pelo&nbsp;<a href=\"https:\/\/www.youtube.com\/channel\/UCZ-KQNdNlPSX9aQgKHJhNXQ?view_as=subscriber\">Youtube<\/a>, \u00e9 dedicado a toda comunidade, principalmente aos discentes do curso de Zootecnia do IF Baiano e demais institui\u00e7\u00f5es, al\u00e9m de profissionais da \u00e1rea. Os participantes que tiverem, pelo menos, 80% de presen\u00e7a confirmada receber\u00e3o certifica\u00e7\u00e3o.<\/p>\n\n\n\n<p>Os interessados devem se inscrever por meio de&nbsp;<a href=\"https:\/\/docs.google.com\/forms\/d\/e\/1FAIpQLSdMixakeF28VfhlZSem1i3HrT42CsHNl5d9OB2pVnARR8QxLw\/viewform\">formul\u00e1rio online<\/a>&nbsp;e, caso queiram submeter trabalhos para apresenta\u00e7\u00e3o, precisam conferir as normas de<a href=\"https:\/\/www.ifbaiano.edu.br\/unidades\/santaines\/files\/2020\/07\/Normas_IX-SEMZOO-2020.pdf\">&nbsp;publica\u00e7\u00e3o<\/a>&nbsp;ou de&nbsp;<a href=\"https:\/\/www.ifbaiano.edu.br\/unidades\/santaines\/files\/2020\/07\/Modelo-de-Resumo.pdf\">resumo<\/a>, enviar os materiais para o e-mail ixsemanazooifbaiano@gmail.com e aguardar o contato da comiss\u00e3o t\u00e9cnica que escolher\u00e1 cinco trabalhos para serem apresentados no evento.<\/p>\n\n\n\n<p>Segundo o coordenador do curso de Zootecnia, o docente Guilherme Nascimento, as palestras acontecer\u00e3o no per\u00edodo da noite, a partir das 19h, como estrat\u00e9gia para participa\u00e7\u00e3o massiva do p\u00fablico, j\u00e1 que h\u00e1 discentes que trabalham durante o dia. A apresenta\u00e7\u00e3o dos trabalhos \u00e9 a \u00fanica reuni\u00e3o no per\u00edodo da tarde e ocorrer\u00e1 \u00e0s 15h, no \u00faltimo dia de atividades. A programa\u00e7\u00e3o traz temas como: o zootecnista na sa\u00fade p\u00fablica, em frigor\u00edficos e na atua\u00e7\u00e3o com animais silvestres.<\/p>\n\n\n\n<figure class=\"wp-block-image\"><img decoding=\"async\" src=\"https:\/\/ifbaiano.edu.br\/portal\/wp-content\/uploads\/2020\/08\/Semana-de-Zootecnia.jpg\" alt=\"\" class=\"wp-image-17427\" \/><\/figure>\n\n\n\n<p>At\u00e9 o momento, cerca de 400 pessoas da Bahia e de outros estados j\u00e1 garantiram participa\u00e7\u00e3o na IX Semana da Zootecnia que, no dia 23, comemorar\u00e1 os dez anos do curso no Campus Santa In\u00eas. Al\u00e9m disso, o evento busca \u201cfortalecer elos entre professores, profissionais da \u00e1rea, alunos e comunidade externa em tempos de pandemia e isolamento social e tem o intuito de fortalecer tamb\u00e9m a promo\u00e7\u00e3o de a\u00e7\u00f5es futuras e manter mais uma atividade remota dos estudantes do curso\u201d, explica Guilherme.<\/p>\n\n\n\n<p>Para mais informa\u00e7\u00f5es acesse as redes sociais do&nbsp;<a href=\"https:\/\/www.instagram.com\/ifbaiano.santaines\/\">Campus Santa In\u00eas<\/a>.<\/p>\n\n\n\n<p>Para inscri\u00e7\u00e3o e informa\u00e7\u00f5es, veja:<\/p>\n\n\n\n<ul><li><strong><a href=\"https:\/\/forms.gle\/RyA6gRniJTGViBMSA\">Formul\u00e1rio de Inscri\u00e7\u00e3o<\/a><\/strong><\/li><li><strong><a href=\"https:\/\/www.ifbaiano.edu.br\/unidades\/santaines\/files\/2020\/07\/Normas_IX-SEMZOO-2020.pdf\">Normas de Publica\u00e7\u00e3o<\/a><\/strong> (data limite para submiss\u00e3o at\u00e9 10\/08)<\/li><li><strong><a href=\"https:\/\/www.ifbaiano.edu.br\/unidades\/santaines\/files\/2020\/07\/Modelo-de-Resumo.pdf\">Modelo de Resumo<\/a><\/strong><\/li><li><strong><a href=\"https:\/\/www.ifbaiano.edu.br\/unidades\/santaines\/files\/2020\/07\/6bcbb054-8274-4233-9222-8afe66dc3a84.jpg\">Programa\u00e7\u00e3o completa do Evento<\/a><\/strong> <\/li><\/ul>\n","protected":false},"excerpt":{"rendered":"<p>Submiss\u00e3o de trabalhos para apresenta\u00e7\u00e3o no evento acontece at\u00e9 o dia 10 de agosto<\/p>\n","protected":false},"author":86,"featured_media":13805,"comment_status":"closed","ping_status":"closed","sticky":false,"template":"","format":"standard","meta":[],"categories":[4,12,37,10,57],"tags":[],"_links":{"self":[{"href":"https:\/\/www.ifbaiano.edu.br\/unidades\/santaines\/wp-json\/wp\/v2\/posts\/13796"}],"collection":[{"href":"https:\/\/www.ifbaiano.edu.br\/unidades\/santaines\/wp-json\/wp\/v2\/posts"}],"about":[{"href":"https:\/\/www.ifbaiano.edu.br\/unidades\/santaines\/wp-json\/wp\/v2\/types\/post"}],"author":[{"embeddable":true,"href":"https:\/\/www.ifbaiano.edu.br\/unidades\/santaines\/wp-json\/wp\/v2\/users\/86"}],"replies":[{"embeddable":true,"href":"https:\/\/www.ifbaiano.edu.br\/unidades\/santaines\/wp-json\/wp\/v2\/comments?post=13796"}],"version-history":[{"count":5,"href":"https:\/\/www.ifbaiano.edu.br\/unidades\/santaines\/wp-json\/wp\/v2\/posts\/13796\/revisions"}],"predecessor-version":[{"id":13863,"href":"https:\/\/www.ifbaiano.edu.br\/unidades\/santaines\/wp-json\/wp\/v2\/posts\/13796\/revisions\/13863"}],"wp:featuredmedia":[{"embeddable":true,"href":"https:\/\/www.ifbaiano.edu.br\/unidades\/santaines\/wp-json\/wp\/v2\/media\/13805"}],"wp:attachment":[{"href":"https:\/\/www.ifbaiano.edu.br\/unidades\/santaines\/wp-json\/wp\/v2\/media?parent=13796"}],"wp:term":[{"taxonomy":"category","embeddable":true,"href":"https:\/\/www.ifbaiano.edu.br\/unidades\/santaines\/wp-json\/wp\/v2\/categories?post=13796"},{"taxonomy":"post_tag","embeddable":true,"href":"https:\/\/www.ifbaiano.edu.br\/unidades\/santaines\/wp-json\/wp\/v2\/tags?post=13796"}],"curies":[{"name":"wp","href":"https:\/\/api.w.org\/{rel}","templated":true}]}}