{"id":13824,"date":"2020-07-30T14:20:39","date_gmt":"2020-07-30T17:20:39","guid":{"rendered":"https:\/\/www.ifbaiano.edu.br\/unidades\/santaines\/?p=13824"},"modified":"2020-07-31T10:36:14","modified_gmt":"2020-07-31T13:36:14","slug":"kits-de-protecao-sao-distribuidos-a-colaboradores-do-campus-santa-ines","status":"publish","type":"post","link":"https:\/\/www.ifbaiano.edu.br\/unidades\/santaines\/kits-de-protecao-sao-distribuidos-a-colaboradores-do-campus-santa-ines\/","title":{"rendered":"Kits de prote\u00e7\u00e3o s\u00e3o distribu\u00eddos a colaboradores do Campus Santa In\u00eas"},"content":{"rendered":"\n<p>A a\u00e7\u00e3o conjunta de distribui\u00e7\u00e3o de Kits de prote\u00e7\u00e3o, pela Diretoria Administrativa e do Comit\u00ea Local de Acompanhamento e Preven\u00e7\u00e3o \u00e0 Covid-19, foi promovida na ter\u00e7a-feira (28), no Campus Santa In\u00eas. Foram distribu\u00eddos 60 grupos de materiais com produtos de limpeza\/higiene para todos os colaboradores.<\/p>\n\n\n\n<figure class=\"wp-block-image size-large\"><img decoding=\"async\" loading=\"lazy\" width=\"1281\" height=\"845\" src=\"https:\/\/www.ifbaiano.edu.br\/unidades\/santaines\/files\/2020\/07\/Imagem2.jpg\" alt=\"\" class=\"wp-image-13838\" \/><\/figure>\n\n\n\n<figure class=\"wp-block-gallery columns-3 is-cropped wp-block-gallery-1 is-layout-flex\"><ul class=\"blocks-gallery-grid\"><li class=\"blocks-gallery-item\"><figure><img decoding=\"async\" loading=\"lazy\" width=\"1280\" height=\"960\" src=\"https:\/\/www.ifbaiano.edu.br\/unidades\/santaines\/files\/2020\/07\/8e5ea812-b4ce-4717-a97f-3b0ff57933ea.jpg\" alt=\"\" data-id=\"13829\" data-link=\"https:\/\/www.ifbaiano.edu.br\/unidades\/santaines\/?attachment_id=13829\" class=\"wp-image-13829\" \/><\/figure><\/li><li class=\"blocks-gallery-item\"><figure><img decoding=\"async\" loading=\"lazy\" width=\"1280\" height=\"960\" src=\"https:\/\/www.ifbaiano.edu.br\/unidades\/santaines\/files\/2020\/07\/636f5bbe-d8e3-4369-978f-3f2d3128fb97.jpg\" alt=\"\" data-id=\"13830\" data-link=\"https:\/\/www.ifbaiano.edu.br\/unidades\/santaines\/?attachment_id=13830\" class=\"wp-image-13830\" \/><\/figure><\/li><li class=\"blocks-gallery-item\"><figure><img decoding=\"async\" loading=\"lazy\" width=\"1280\" height=\"960\" src=\"https:\/\/www.ifbaiano.edu.br\/unidades\/santaines\/files\/2020\/07\/3399c3cb-761e-49db-ae4b-fe22896aeb65.jpg\" alt=\"\" data-id=\"13831\" data-link=\"https:\/\/www.ifbaiano.edu.br\/unidades\/santaines\/?attachment_id=13831\" class=\"wp-image-13831\" \/><\/figure><\/li><\/ul><\/figure>\n\n\n\n<p>Os conjuntos foram confeccionados por servidores efetivos e terceirizados atrav\u00e9s da reutiliza\u00e7\u00e3o de materiais dispon\u00edveis no campus, al\u00e9m de outros confecionados nos laborat\u00f3rios da unidade.<br>Os kits contaram com 2 litros de \u00e1gua sanit\u00e1ria, 2 litros de \u00e1lcool gel, 2 litros de detergente l\u00edquido e 2 pacotes com 4 rolos de papel higi\u00eanico.<\/p>\n\n\n\n<p>Na distribui\u00e7\u00e3o foram tomadas algumas medidas de seguran\u00e7a como a divis\u00e3o dos participantes em dois grupos e, na oportunidade, realizado um bate-papo com os presentes onde, membros do Comit\u00ea Local esclareceram sobre d\u00favidas e cuidados na din\u00e2mica de trabalho e frisaram a import\u00e2ncia do uso correto dos equipamentos de prote\u00e7\u00e3o contra o Novo Coronav\u00edrus.<\/p>\n\n\n\n<p>O servidor Anderson Jambeiro, Presidente do Comit\u00ea local falou sobre a import\u00e2ncia da a\u00e7\u00e3o: \u201cDiante de tantas dificuldades que estamos enfrentando, a\u00e7\u00f5es como essa contribuem para o estabelecimento da miss\u00e3o do IF Baiano. Infelizmente, a possibilidade de ficar em casa de forma segura contra a Covid-19 n\u00e3o se aplica a todos. Precisamos sempre valorizar nossos colaboradores terceirizados que enfrentam diariamente essa pandemia para manter o funcionamento e a manuten\u00e7\u00e3o dos espa\u00e7os e servi\u00e7os essenciais da institui\u00e7\u00e3o&#8221;.<\/p>\n\n\n\n<figure class=\"wp-block-gallery columns-2 is-cropped wp-block-gallery-3 is-layout-flex\"><ul class=\"blocks-gallery-grid\"><li class=\"blocks-gallery-item\"><figure><img decoding=\"async\" loading=\"lazy\" width=\"960\" height=\"1280\" src=\"https:\/\/www.ifbaiano.edu.br\/unidades\/santaines\/files\/2020\/07\/304b826b-1437-4e56-8671-5a1f38d6fd9f.jpg\" alt=\"\" data-id=\"13832\" data-link=\"https:\/\/www.ifbaiano.edu.br\/unidades\/santaines\/?attachment_id=13832\" class=\"wp-image-13832\" \/><\/figure><\/li><li class=\"blocks-gallery-item\"><figure><img decoding=\"async\" loading=\"lazy\" width=\"960\" height=\"1280\" src=\"https:\/\/www.ifbaiano.edu.br\/unidades\/santaines\/files\/2020\/07\/c2db1751-abd2-4f86-9ba1-d1f40b7fa8b3.jpg\" alt=\"\" data-id=\"13833\" data-link=\"https:\/\/www.ifbaiano.edu.br\/unidades\/santaines\/?attachment_id=13833\" class=\"wp-image-13833\" \/><\/figure><\/li><\/ul><\/figure>\n","protected":false},"excerpt":{"rendered":"<p>A\u00e7\u00e3o foi promovida na \u00faltima quarta-feira (28)<\/p>\n","protected":false},"author":86,"featured_media":13838,"comment_status":"closed","ping_status":"closed","sticky":false,"template":"","format":"standard","meta":[],"categories":[4,10,57],"tags":[],"_links":{"self":[{"href":"https:\/\/www.ifbaiano.edu.br\/unidades\/santaines\/wp-json\/wp\/v2\/posts\/13824"}],"collection":[{"href":"https:\/\/www.ifbaiano.edu.br\/unidades\/santaines\/wp-json\/wp\/v2\/posts"}],"about":[{"href":"https:\/\/www.ifbaiano.edu.br\/unidades\/santaines\/wp-json\/wp\/v2\/types\/post"}],"author":[{"embeddable":true,"href":"https:\/\/www.ifbaiano.edu.br\/unidades\/santaines\/wp-json\/wp\/v2\/users\/86"}],"replies":[{"embeddable":true,"href":"https:\/\/www.ifbaiano.edu.br\/unidades\/santaines\/wp-json\/wp\/v2\/comments?post=13824"}],"version-history":[{"count":6,"href":"https:\/\/www.ifbaiano.edu.br\/unidades\/santaines\/wp-json\/wp\/v2\/posts\/13824\/revisions"}],"predecessor-version":[{"id":13841,"href":"https:\/\/www.ifbaiano.edu.br\/unidades\/santaines\/wp-json\/wp\/v2\/posts\/13824\/revisions\/13841"}],"wp:featuredmedia":[{"embeddable":true,"href":"https:\/\/www.ifbaiano.edu.br\/unidades\/santaines\/wp-json\/wp\/v2\/media\/13838"}],"wp:attachment":[{"href":"https:\/\/www.ifbaiano.edu.br\/unidades\/santaines\/wp-json\/wp\/v2\/media?parent=13824"}],"wp:term":[{"taxonomy":"category","embeddable":true,"href":"https:\/\/www.ifbaiano.edu.br\/unidades\/santaines\/wp-json\/wp\/v2\/categories?post=13824"},{"taxonomy":"post_tag","embeddable":true,"href":"https:\/\/www.ifbaiano.edu.br\/unidades\/santaines\/wp-json\/wp\/v2\/tags?post=13824"}],"curies":[{"name":"wp","href":"https:\/\/api.w.org\/{rel}","templated":true}]}}