{"id":13865,"date":"2020-08-17T09:51:53","date_gmt":"2020-08-17T12:51:53","guid":{"rendered":"https:\/\/www.ifbaiano.edu.br\/unidades\/santaines\/?p=13865"},"modified":"2020-08-17T09:51:53","modified_gmt":"2020-08-17T12:51:53","slug":"nota-de-pesar-3","status":"publish","type":"post","link":"https:\/\/www.ifbaiano.edu.br\/unidades\/santaines\/nota-de-pesar-3\/","title":{"rendered":"Nota de Pesar"},"content":{"rendered":"\n<figure class=\"wp-block-image\"><img decoding=\"async\" src=\"https:\/\/ifbaiano.edu.br\/portal\/wp-content\/uploads\/2020\/08\/WhatsApp-Image-2020-08-15-at-16.12.44.jpeg\" alt=\"\" class=\"wp-image-17477\" \/><figcaption>Professor Her\u00e1clito Ver\u00e7osa, conhecido entre os alunos como Professor BO, foi durante quase tr\u00eas d\u00e9cadas professor do Campus Catu.<\/figcaption><\/figure>\n\n\n\n<p>O Instituto Federal Baiano lamenta, com grande pesar, o falecimento do servidor aposentado\u00a0<strong>Her\u00e1clito Ver\u00e7osa da Silva<\/strong>, ex-professor do Campus Catu, ocorrido\u00a0s\u00e1bado, dia\u00a015\u00a0de agosto, em Salvador (BA).<\/p>\n\n\n\n<p>O professor Her\u00e1clito Ver\u00e7osa, conhecido entre os ex-alunos como Professor BO, trabalhou no instituto por quase 30 anos sendo a maior parte do tempo como professor do campus Catu. Ele tamb\u00e9m esteve por mais de duas d\u00e9cadas a frente da Comiss\u00e3o Organizadora do Encontro de Ex-alunos um evento que se tornou marca do Campus.<\/p>\n\n\n\n<p>O vel\u00f3ria foi realizado na resid\u00eancia da fam\u00edlia e o sepultamento aconteceu ontem, domingo (16), \u00e0s 8h, no Cemit\u00e9rio Municipal de Catu.<\/p>\n\n\n\n<p>Her\u00e1clito Ver\u00e7osa deixa esposa, dois filhos e uma neta.<\/p>\n","protected":false},"excerpt":{"rendered":"<p>O Instituto Federal Baiano lamenta, com grande pesar, o falecimento do servidor aposentado\u00a0Her\u00e1clito Ver\u00e7osa da Silva, ex-professor do Campus Catu, ocorrido\u00a0s\u00e1bado, dia\u00a015\u00a0de agosto, em Salvador (BA). O professor Her\u00e1clito Ver\u00e7osa, conhecido entre os ex-alunos como Professor BO, trabalhou no instituto por quase 30 anos sendo a maior parte do tempo como professor do campus Catu. [&hellip;]<\/p>\n","protected":false},"author":86,"featured_media":13866,"comment_status":"closed","ping_status":"closed","sticky":false,"template":"","format":"standard","meta":[],"categories":[4,10,57],"tags":[],"_links":{"self":[{"href":"https:\/\/www.ifbaiano.edu.br\/unidades\/santaines\/wp-json\/wp\/v2\/posts\/13865"}],"collection":[{"href":"https:\/\/www.ifbaiano.edu.br\/unidades\/santaines\/wp-json\/wp\/v2\/posts"}],"about":[{"href":"https:\/\/www.ifbaiano.edu.br\/unidades\/santaines\/wp-json\/wp\/v2\/types\/post"}],"author":[{"embeddable":true,"href":"https:\/\/www.ifbaiano.edu.br\/unidades\/santaines\/wp-json\/wp\/v2\/users\/86"}],"replies":[{"embeddable":true,"href":"https:\/\/www.ifbaiano.edu.br\/unidades\/santaines\/wp-json\/wp\/v2\/comments?post=13865"}],"version-history":[{"count":2,"href":"https:\/\/www.ifbaiano.edu.br\/unidades\/santaines\/wp-json\/wp\/v2\/posts\/13865\/revisions"}],"predecessor-version":[{"id":13868,"href":"https:\/\/www.ifbaiano.edu.br\/unidades\/santaines\/wp-json\/wp\/v2\/posts\/13865\/revisions\/13868"}],"wp:featuredmedia":[{"embeddable":true,"href":"https:\/\/www.ifbaiano.edu.br\/unidades\/santaines\/wp-json\/wp\/v2\/media\/13866"}],"wp:attachment":[{"href":"https:\/\/www.ifbaiano.edu.br\/unidades\/santaines\/wp-json\/wp\/v2\/media?parent=13865"}],"wp:term":[{"taxonomy":"category","embeddable":true,"href":"https:\/\/www.ifbaiano.edu.br\/unidades\/santaines\/wp-json\/wp\/v2\/categories?post=13865"},{"taxonomy":"post_tag","embeddable":true,"href":"https:\/\/www.ifbaiano.edu.br\/unidades\/santaines\/wp-json\/wp\/v2\/tags?post=13865"}],"curies":[{"name":"wp","href":"https:\/\/api.w.org\/{rel}","templated":true}]}}