{"id":13891,"date":"2020-09-02T08:19:59","date_gmt":"2020-09-02T11:19:59","guid":{"rendered":"https:\/\/www.ifbaiano.edu.br\/unidades\/santaines\/?p=13891"},"modified":"2020-09-15T16:20:12","modified_gmt":"2020-09-15T19:20:12","slug":"ix-semana-de-zootecnia-e-encerrada-com-exito","status":"publish","type":"post","link":"https:\/\/www.ifbaiano.edu.br\/unidades\/santaines\/ix-semana-de-zootecnia-e-encerrada-com-exito\/","title":{"rendered":"IX SEMANA DE ZOOTECNIA \u00c9 ENCERRADA COM \u00caXITO"},"content":{"rendered":"\n<p>As atividades da IX Semana de Zootecnia do IF\nBaiano, <em>Campus<\/em> Santa In\u00eas, foram encerradas no \u00faltimo s\u00e1bado (29) com\n\u00eaxito. O evento, que come\u00e7ou no dia 23, foi realizado atrav\u00e9s de transmiss\u00e3o no\nYoutube durante 10 horas e 20 minutos e reuniu uma m\u00e9dia de 233 participantes,\ndentre eles profissionais da \u00e1rea, alunos do instituto, professores e\npesquisadores da Bahia e outros estados. <\/p>\n\n\n\n<p>Essa edi\u00e7\u00e3o j\u00e1 come\u00e7ou diferente. Foi o\nprimeiro evento 100% <em>online<\/em>, do <em>Campus<\/em>\nSanta In\u00eas, tendo em vista o per\u00edodo de isolamento social gerado pela pandemia\nda Covid-19. Segundo o Professor Guilherme, coordenador do curso de Zootecnia,\nfoi feita uma enquete para os docentes e discentes do curso sobre a realiza\u00e7\u00e3o\ndas atividades. \u201cQuestionamos se far\u00edamos o evento <em>online<\/em> ou adiar\u00edamos para 2021. A realiza\u00e7\u00e3o <em>online<\/em> foi a mais votada. Assim, montamos uma comiss\u00e3o com a\ncoordena\u00e7\u00e3o do curso, representantes do Diret\u00f3rio Acad\u00eamico e estudantes\nvolunt\u00e1rios\u201d.<\/p>\n\n\n\n<p>A IX Semana de Zootecnia foi realizada tamb\u00e9m\nem comemora\u00e7\u00e3o ao anivers\u00e1rio do curso na unidade. A data das atividades foi\nescolhida exatamente para coincidir com a celebra\u00e7\u00e3o. Por isso, no domingo, 23\nde agosto, dia em que o Curso de Bacharelado em Zootecnia completou 10 anos, aconteceu\na abertura do evento. O egresso, L\u00facio Cunha Oliveira, que atua no mercado de\ntrabalho como Zootecnista, fez a palestra de abertura. Neste mesmo dia\naconteceu um momento cultural com apresenta\u00e7\u00e3o de cordel, apresentado por\nDenner Matos, tamb\u00e9m egresso do curso.<\/p>\n\n\n\n<p>O estudante Felix Reis, membro da comiss\u00e3o organizadora, relata que o evento foi pensando para \u201csair do normal\u201d e trazer algo novo em rela\u00e7\u00e3o ao tema e \u00e0s palestras, por isso o foco falar sobre a atua\u00e7\u00e3o dos Zootecnistas nas \u00e1reas em que n\u00e3o s\u00e3o ainda muito discutidas. \u201cEsse formato <em>online <\/em>foi uma oportunidade de conseguir palestrantes que atuam nas diversas \u00e1reas que a popula\u00e7\u00e3o em geral ainda n\u00e3o conhece\u201d. Segundo F\u00e9lix, essa modalidade facilitou a participa\u00e7\u00e3o desses profissionais, &#8220;pois se fosse realizado de forma presencial, essa participa\u00e7\u00e3o seria pouco prov\u00e1vel&#8221;.<\/p>\n\n\n\n<p>Felix ainda registra como ponto positivo do\nevento o formato realizado, bem como sua abrang\u00eancia, uma vez que contou com a\nparticipa\u00e7\u00e3o de pessoas de v\u00e1rios lugares do Brasil. \u201cCreio que eventos de\nforma <em>online<\/em> t\u00eam essa fun\u00e7\u00e3o de levar\nas informa\u00e7\u00f5es para as pessoas de diversas regi\u00f5es. Tamb\u00e9m notei que os\npalestrantes deixaram muitos recados tanto para a vida pessoal quanto a\nprofissional e n\u00e3o s\u00f3 dos Zootecnistas e futuros, mas para todo o p\u00fablico que\nnos assistiu\u201d.<\/p>\n\n\n\n<p>O evento contou com cinco palestras\nprogramadas para acontecerem no per\u00edodo de 24 a 28 de Agosto e, a pedido dos participantes,\n\u201cuma mesa redonda\u201d, atividade extra, aconteceu no dia 29 de Agosto. <\/p>\n\n\n\n<p>A IX Semana de Zootecnia ainda trouxe\nmomentos de apresenta\u00e7\u00e3o dos cinco melhores resumos de projetos de pesquisa. Foram\napresentados trabalhos realizados no Maranh\u00e3o, Bahia, Paran\u00e1 e Rio Grande do\nSul. O trabalho melhor avaliado foi \u201cFormula\u00e7\u00e3o de dietas para\nGamb\u00e1s-de-orelha-preta (<em>Didelphis aurita<\/em>),\napresentado por Elon Souza Aniceto, Zootecnista, mestrando em Ci\u00eancia Animal na\nUENF (Universidade Estadual do Norte Fluminense- RJ).<\/p>\n\n\n\n<p>Para o professor Guilherme Nascimento \u201co\nevento foi muito bom, pela receptividade da comunidade do campus e de pessoas\nde v\u00e1rios lugares do Brasil. Recebemos muitos elogios, desde o tema das\npalestras at\u00e9 \u00e0 organiza\u00e7\u00e3o. Como primeiro evento <em>online,<\/em> os desafios foram grandes. No entanto, conseguimos uma\nabrang\u00eancia que talvez na modalidade presencial n\u00e3o alcan\u00e7ar\u00edamos. Isso tr\u00e1s\numa nova realidade para as pr\u00f3ximas semanas de Zootecnia do instituto\u201d.<\/p>\n\n\n\n<p>Comiss\u00e3o do evento: Professor Guilherme Nascimento;\nDiscentes: F\u00e9lix Reis, Inara Sales, Renata natiele, Larissa Lopes, Luana\ntavares, Leandro Santos, Natanaele Souza, Elesson Costa<\/p>\n","protected":false},"excerpt":{"rendered":"<p>Evento reuniu em plataforma de transmiss\u00e3o cerca de 233 pessoas<\/p>\n","protected":false},"author":86,"featured_media":13892,"comment_status":"closed","ping_status":"closed","sticky":false,"template":"","format":"standard","meta":[],"categories":[4,12,5,10,57],"tags":[],"_links":{"self":[{"href":"https:\/\/www.ifbaiano.edu.br\/unidades\/santaines\/wp-json\/wp\/v2\/posts\/13891"}],"collection":[{"href":"https:\/\/www.ifbaiano.edu.br\/unidades\/santaines\/wp-json\/wp\/v2\/posts"}],"about":[{"href":"https:\/\/www.ifbaiano.edu.br\/unidades\/santaines\/wp-json\/wp\/v2\/types\/post"}],"author":[{"embeddable":true,"href":"https:\/\/www.ifbaiano.edu.br\/unidades\/santaines\/wp-json\/wp\/v2\/users\/86"}],"replies":[{"embeddable":true,"href":"https:\/\/www.ifbaiano.edu.br\/unidades\/santaines\/wp-json\/wp\/v2\/comments?post=13891"}],"version-history":[{"count":2,"href":"https:\/\/www.ifbaiano.edu.br\/unidades\/santaines\/wp-json\/wp\/v2\/posts\/13891\/revisions"}],"predecessor-version":[{"id":13894,"href":"https:\/\/www.ifbaiano.edu.br\/unidades\/santaines\/wp-json\/wp\/v2\/posts\/13891\/revisions\/13894"}],"wp:featuredmedia":[{"embeddable":true,"href":"https:\/\/www.ifbaiano.edu.br\/unidades\/santaines\/wp-json\/wp\/v2\/media\/13892"}],"wp:attachment":[{"href":"https:\/\/www.ifbaiano.edu.br\/unidades\/santaines\/wp-json\/wp\/v2\/media?parent=13891"}],"wp:term":[{"taxonomy":"category","embeddable":true,"href":"https:\/\/www.ifbaiano.edu.br\/unidades\/santaines\/wp-json\/wp\/v2\/categories?post=13891"},{"taxonomy":"post_tag","embeddable":true,"href":"https:\/\/www.ifbaiano.edu.br\/unidades\/santaines\/wp-json\/wp\/v2\/tags?post=13891"}],"curies":[{"name":"wp","href":"https:\/\/api.w.org\/{rel}","templated":true}]}}