{"id":13896,"date":"2020-09-04T17:17:52","date_gmt":"2020-09-04T20:17:52","guid":{"rendered":"https:\/\/www.ifbaiano.edu.br\/unidades\/santaines\/?p=13896"},"modified":"2020-09-15T16:16:33","modified_gmt":"2020-09-15T19:16:33","slug":"projeto-comida-e-saude-em-tempos-de-pandemia-promove-ensino-pesquisa-e-extensao","status":"publish","type":"post","link":"https:\/\/www.ifbaiano.edu.br\/unidades\/santaines\/projeto-comida-e-saude-em-tempos-de-pandemia-promove-ensino-pesquisa-e-extensao\/","title":{"rendered":"Projeto Comida e Sa\u00fade em Tempos de Pandemia promove Ensino, Pesquisa e Extens\u00e3o"},"content":{"rendered":"\n<p>O projeto Comida e Sa\u00fade em Tempos de Coronav\u00edrus encerrou suas atividades no m\u00eas de agosto. O projeto que visou propagar conhecimentos sobre os alimentos e a alimenta\u00e7\u00e3o \u00e9 realizado pelo Curso de Licenciatura em Geografia do Campus Santa In\u00eas e promoveu aos participantes da proposta: ensino, pesquisa e extens\u00e3o.<\/p>\n\n\n\n<p>\u201cA experi\u00eancia permitiu a efetiva\u00e7\u00e3o do trip\u00e9 ensino, pesquisa e extens\u00e3o no \u00e2mbito do IF Baiano Campus Santa In\u00eas\u201d, comentou a coordenadora do projeto, Aline Lima, que tamb\u00e9m \u00e9 professora no instituto. De acordo com a docente, esses tr\u00eas pilares foram ofertados na proposta por meio das atividades realizadas.<\/p>\n\n\n\n<figure class=\"wp-block-gallery columns-3 is-cropped wp-block-gallery-1 is-layout-flex\"><ul class=\"blocks-gallery-grid\"><li class=\"blocks-gallery-item\"><figure><img decoding=\"async\" loading=\"lazy\" width=\"1024\" height=\"768\" src=\"https:\/\/www.ifbaiano.edu.br\/unidades\/santaines\/files\/2020\/09\/8d9875dc-bb40-4ddd-a786-8c1551136a7a.jpg\" alt=\"\" data-id=\"13924\" data-link=\"https:\/\/www.ifbaiano.edu.br\/unidades\/santaines\/?attachment_id=13924\" class=\"wp-image-13924\" \/><\/figure><\/li><li class=\"blocks-gallery-item\"><figure><img decoding=\"async\" loading=\"lazy\" width=\"1024\" height=\"768\" src=\"https:\/\/www.ifbaiano.edu.br\/unidades\/santaines\/files\/2020\/09\/1f37e118-9651-42be-93fe-06e746dce35d.jpg\" alt=\"\" data-id=\"13925\" data-link=\"https:\/\/www.ifbaiano.edu.br\/unidades\/santaines\/?attachment_id=13925\" class=\"wp-image-13925\" \/><\/figure><\/li><li class=\"blocks-gallery-item\"><figure><img decoding=\"async\" loading=\"lazy\" width=\"1024\" height=\"576\" src=\"https:\/\/www.ifbaiano.edu.br\/unidades\/santaines\/files\/2020\/09\/4e4328ef-3b28-4652-9f21-0c05bb408c81.jpg\" alt=\"\" data-id=\"13926\" data-link=\"https:\/\/www.ifbaiano.edu.br\/unidades\/santaines\/?attachment_id=13926\" class=\"wp-image-13926\" \/><\/figure><\/li><\/ul><\/figure>\n\n\n\n<p>A extens\u00e3o foi fomentada com a aquisi\u00e7\u00e3o e a distribui\u00e7\u00e3o de cestas contendo alimentos saud\u00e1veis, al\u00e9m da entrega de m\u00e1scaras artesanais para 50 fam\u00edlias do munic\u00edpio de Jiquiri\u00e7\u00e1 e da cidade de Uba\u00edra. J\u00e1 a pesquisa foi realizada atrav\u00e9s do levantamento de dados secund\u00e1rios sobre a realidade do Vale do Jiquiri\u00e7\u00e1, bem como na aplica\u00e7\u00e3o de question\u00e1rios e no mapeamento dos agricultores que produzem alimentos sem o uso de agrot\u00f3xicos e de fam\u00edlias em situa\u00e7\u00e3o de vulnerabilidade social. As informa\u00e7\u00f5es foram usadas para incrementar discuss\u00f5es e gerar o terceiro pilar no projeto: o ensino, o qual tamb\u00e9m foi concretizado atrav\u00e9s de rodas de conversas virtuais sobre a soberania e a seguran\u00e7a alimentar.<\/p>\n","protected":false},"excerpt":{"rendered":"<p>.<\/p>\n","protected":false},"author":86,"featured_media":13923,"comment_status":"closed","ping_status":"closed","sticky":false,"template":"","format":"standard","meta":[],"categories":[4,12,5,10,57],"tags":[],"_links":{"self":[{"href":"https:\/\/www.ifbaiano.edu.br\/unidades\/santaines\/wp-json\/wp\/v2\/posts\/13896"}],"collection":[{"href":"https:\/\/www.ifbaiano.edu.br\/unidades\/santaines\/wp-json\/wp\/v2\/posts"}],"about":[{"href":"https:\/\/www.ifbaiano.edu.br\/unidades\/santaines\/wp-json\/wp\/v2\/types\/post"}],"author":[{"embeddable":true,"href":"https:\/\/www.ifbaiano.edu.br\/unidades\/santaines\/wp-json\/wp\/v2\/users\/86"}],"replies":[{"embeddable":true,"href":"https:\/\/www.ifbaiano.edu.br\/unidades\/santaines\/wp-json\/wp\/v2\/comments?post=13896"}],"version-history":[{"count":7,"href":"https:\/\/www.ifbaiano.edu.br\/unidades\/santaines\/wp-json\/wp\/v2\/posts\/13896\/revisions"}],"predecessor-version":[{"id":13927,"href":"https:\/\/www.ifbaiano.edu.br\/unidades\/santaines\/wp-json\/wp\/v2\/posts\/13896\/revisions\/13927"}],"wp:featuredmedia":[{"embeddable":true,"href":"https:\/\/www.ifbaiano.edu.br\/unidades\/santaines\/wp-json\/wp\/v2\/media\/13923"}],"wp:attachment":[{"href":"https:\/\/www.ifbaiano.edu.br\/unidades\/santaines\/wp-json\/wp\/v2\/media?parent=13896"}],"wp:term":[{"taxonomy":"category","embeddable":true,"href":"https:\/\/www.ifbaiano.edu.br\/unidades\/santaines\/wp-json\/wp\/v2\/categories?post=13896"},{"taxonomy":"post_tag","embeddable":true,"href":"https:\/\/www.ifbaiano.edu.br\/unidades\/santaines\/wp-json\/wp\/v2\/tags?post=13896"}],"curies":[{"name":"wp","href":"https:\/\/api.w.org\/{rel}","templated":true}]}}