{"id":1400,"date":"2012-03-15T08:37:14","date_gmt":"2012-03-15T11:37:14","guid":{"rendered":"http:\/\/www.ifbaiano.edu.br\/unidades\/santaines\/?p=1400"},"modified":"2012-03-15T08:37:14","modified_gmt":"2012-03-15T11:37:14","slug":"giro-if-baiano-santa-ines-aulas-estao-chegando-ao-fim-com-producoes-academicas-em-alta-4","status":"publish","type":"post","link":"https:\/\/www.ifbaiano.edu.br\/unidades\/santaines\/giro-if-baiano-santa-ines-aulas-estao-chegando-ao-fim-com-producoes-academicas-em-alta-4\/","title":{"rendered":"Giro IF Baiano Santa In\u00eas: Aulas est\u00e3o chegando ao fim com produ\u00e7\u00f5es acad\u00eamicas em alta"},"content":{"rendered":"<p style=\"text-align: justify\">O Professor Mauricio Sugai, da disciplina Geografia, est\u00e1 promovendo excurs\u00f5es para as cidades de Ituber\u00e1 e Igrapi\u00fana, na regi\u00e3o do baixo sul da Bahia, onde os alunos t\u00eam a possibilidade de conhecer<\/p>\n<div id=\"attachment_1302\" style=\"width: 310px\" class=\"wp-caption alignright\"><a href=\"http:\/\/www.ifbaiano.edu.br\/unidades\/santaines\/files\/2012\/03\/P2290096.jpg\"><img aria-describedby=\"caption-attachment-1302\" decoding=\"async\" loading=\"lazy\" class=\"size-medium wp-image-1302\" src=\"http:\/\/www.ifbaiano.edu.br\/unidades\/santaines\/files\/2012\/03\/P2290096-300x225.jpg\" alt=\"\" width=\"300\" height=\"225\" srcset=\"https:\/\/www.ifbaiano.edu.br\/unidades\/santaines\/files\/2012\/03\/P2290096-300x225.jpg 300w, https:\/\/www.ifbaiano.edu.br\/unidades\/santaines\/files\/2012\/03\/P2290096-1024x768.jpg 1024w, https:\/\/www.ifbaiano.edu.br\/unidades\/santaines\/files\/2012\/03\/P2290096-400x300.jpg 400w, https:\/\/www.ifbaiano.edu.br\/unidades\/santaines\/files\/2012\/03\/P2290096.jpg 1280w\" sizes=\"(max-width: 300px) 100vw, 300px\" \/><\/a><p id=\"caption-attachment-1302\" class=\"wp-caption-text\">Alunos na cooperativa de cria\u00e7\u00e3o de camar\u00e3o<\/p><\/div>\n<p style=\"text-align: justify\">aspectos da cultura local, meio ambiente, economia e turismo locais. O roteiro inclui a travessia do Canal do Serinha\u00e9m, caminhadas pelo manguezal, trilha ecol\u00f3gica em uma reserva e realiza\u00e7\u00e3o de entrevistas com a popula\u00e7\u00e3o local.<\/p>\n<p style=\"text-align: justify\">Entre os pontos visitados est\u00e3o as comunidades ribeirinhas de Timbuca, Contrato e Barra do Serinha\u00e9m, onde foram observados a economia na pesca, nos manguezais, na produ\u00e7\u00e3o do dend\u00ea e no transporte fluvial.\u00a0 Todas as localidades fazem parte da APA do Pratigi, uma Unidade de Conserva\u00e7\u00e3o do estado da Bahia, numa \u00e1rea de 85.686 ha, com exuberante complexo h\u00eddrico, apresentando remanescentes da Floresta Atl\u00e2ntica e seus ecossistemas associados: restingas e manguezais. Os alunos tiveram a oportunidade de conhecer tamb\u00e9m a Reserva Ecol\u00f3gica da Michelin em Igrapi\u00fana, importante corredor ecol\u00f3gico da Mata Atl\u00e2ntica, onde se situa a Cachoeira da Pancada Grande com 61 m de altura.<\/p>\n<p style=\"text-align: justify\">Dentro do Campus acontece a I Mostra de A\u00e7\u00e3o Multidisciplinar, com idealiza\u00e7\u00e3o do professor de Qu\u00edmica, Everaldo dos Santos, e com participa\u00e7\u00e3o de diversos professores, al\u00e9m de contar com o suporte do corpo t\u00e9cnico administrativo. Neste evento os alunos apresentam diversos trabalhos art\u00edsticos, como pe\u00e7as de teatro, dan\u00e7a e exposi\u00e7\u00f5es, dentre muitas outras coisas.<\/p>\n<p style=\"text-align: justify\">Estes e outros trabalhos dar\u00e3o conte\u00fado para a cria\u00e7\u00e3o do primeiro web-programa do Campus, que est\u00e1 em vias de elabora\u00e7\u00e3o de roteiro e grava\u00e7\u00e3o. Este programa ser\u00e1 exibido em breve ao corpo estudantil para aprecia\u00e7\u00e3o e todas as opini\u00f5es ser\u00e3o ouvidas afim de elaborar um projeto participativo.<\/p>\n<p style=\"text-align: justify\">Para verem as fotos do evento, acessem nossa p\u00e1gina oficial no facebook no endere\u00e7o: <a href=\"http:\/\/www.facebook.com\/profile.php?id=100003227175737\">http:\/\/www.facebook.com\/profile.php?id=100003227175737<\/a><\/p>\n<div id=\"attachment_1304\" style=\"width: 310px\" class=\"wp-caption alignright\"><a href=\"http:\/\/www.ifbaiano.edu.br\/unidades\/santaines\/files\/2012\/03\/DSCN6369.jpg\"><img aria-describedby=\"caption-attachment-1304\" decoding=\"async\" loading=\"lazy\" class=\"size-medium wp-image-1304\" src=\"http:\/\/www.ifbaiano.edu.br\/unidades\/santaines\/files\/2012\/03\/DSCN6369-300x225.jpg\" alt=\"\" width=\"300\" height=\"225\" srcset=\"https:\/\/www.ifbaiano.edu.br\/unidades\/santaines\/files\/2012\/03\/DSCN6369-300x225.jpg 300w, https:\/\/www.ifbaiano.edu.br\/unidades\/santaines\/files\/2012\/03\/DSCN6369-1024x768.jpg 1024w, https:\/\/www.ifbaiano.edu.br\/unidades\/santaines\/files\/2012\/03\/DSCN6369-400x300.jpg 400w, https:\/\/www.ifbaiano.edu.br\/unidades\/santaines\/files\/2012\/03\/DSCN6369.jpg 1280w\" sizes=\"(max-width: 300px) 100vw, 300px\" \/><\/a><p id=\"caption-attachment-1304\" class=\"wp-caption-text\">Apresenta\u00e7\u00e3o com o tema &quot;beleza&quot;<\/p><\/div>\n","protected":false},"excerpt":{"rendered":"<p>O Professor Mauricio Sugai, da disciplina Geografia, est\u00e1 promovendo excurs\u00f5es para as cidades de Ituber\u00e1 e Igrapi\u00fana, na regi\u00e3o do baixo sul da Bahia, onde os alunos t\u00eam a possibilidade de conhecer aspectos da cultura local, meio ambiente, economia e turismo locais. O roteiro inclui a travessia do Canal do Serinha\u00e9m, caminhadas pelo manguezal, trilha [&hellip;]<\/p>\n","protected":false},"author":26,"featured_media":0,"comment_status":"closed","ping_status":"closed","sticky":false,"template":"","format":"standard","meta":[],"categories":[10],"tags":[],"_links":{"self":[{"href":"https:\/\/www.ifbaiano.edu.br\/unidades\/santaines\/wp-json\/wp\/v2\/posts\/1400"}],"collection":[{"href":"https:\/\/www.ifbaiano.edu.br\/unidades\/santaines\/wp-json\/wp\/v2\/posts"}],"about":[{"href":"https:\/\/www.ifbaiano.edu.br\/unidades\/santaines\/wp-json\/wp\/v2\/types\/post"}],"author":[{"embeddable":true,"href":"https:\/\/www.ifbaiano.edu.br\/unidades\/santaines\/wp-json\/wp\/v2\/users\/26"}],"replies":[{"embeddable":true,"href":"https:\/\/www.ifbaiano.edu.br\/unidades\/santaines\/wp-json\/wp\/v2\/comments?post=1400"}],"version-history":[{"count":3,"href":"https:\/\/www.ifbaiano.edu.br\/unidades\/santaines\/wp-json\/wp\/v2\/posts\/1400\/revisions"}],"predecessor-version":[{"id":14704,"href":"https:\/\/www.ifbaiano.edu.br\/unidades\/santaines\/wp-json\/wp\/v2\/posts\/1400\/revisions\/14704"}],"wp:attachment":[{"href":"https:\/\/www.ifbaiano.edu.br\/unidades\/santaines\/wp-json\/wp\/v2\/media?parent=1400"}],"wp:term":[{"taxonomy":"category","embeddable":true,"href":"https:\/\/www.ifbaiano.edu.br\/unidades\/santaines\/wp-json\/wp\/v2\/categories?post=1400"},{"taxonomy":"post_tag","embeddable":true,"href":"https:\/\/www.ifbaiano.edu.br\/unidades\/santaines\/wp-json\/wp\/v2\/tags?post=1400"}],"curies":[{"name":"wp","href":"https:\/\/api.w.org\/{rel}","templated":true}]}}