{"id":14000,"date":"2020-09-17T16:39:48","date_gmt":"2020-09-17T19:39:48","guid":{"rendered":"https:\/\/www.ifbaiano.edu.br\/unidades\/santaines\/?p=14000"},"modified":"2020-09-17T16:39:48","modified_gmt":"2020-09-17T19:39:48","slug":"campus-santa-ines-divulga-chamada-publica-para-aquisicao-de-alimentos-da-agricultura-familiar","status":"publish","type":"post","link":"https:\/\/www.ifbaiano.edu.br\/unidades\/santaines\/campus-santa-ines-divulga-chamada-publica-para-aquisicao-de-alimentos-da-agricultura-familiar\/","title":{"rendered":"Campus Santa In\u00eas divulga Chamada P\u00fablica para aquisi\u00e7\u00e3o de alimentos da agricultura familiar"},"content":{"rendered":"<hr \/>\n<p><br \/><!--StartFragment--><\/p>\n\n\n<p>O IF Baiano Campus Santa In\u00eas torna p\u00fablico para conhecimento dos interessados que far\u00e1 chamada p\u00fablica para formaliza\u00e7\u00e3o de dispensa de licita\u00e7\u00e3o para aquisi\u00e7\u00e3o de g\u00eaneros aliment\u00edcios da agricultura familiar para o atendimento ao Programa Nacional de Alimenta\u00e7\u00e3o Escolar \u2013 PNAE.<\/p>\n\n\n\n<p>  <br>O <strong>Per\u00edodo de divulga\u00e7\u00e3o da Chamada P\u00fablica<\/strong> \u00e9 de 17\/09\/2020 a 07\/10\/2020. O envio de documentos de habilita\u00e7\u00e3o e dos projetos de venda devem ser encaminhados por e-mail (compras.ifbaiano@gmail.com) at\u00e9 \u00e0s 09h do dia 07\/10\/2020 (hor\u00e1rio de Bras\u00edlia). A abertura dos e-mails contendo os documentos de habilita\u00e7\u00e3o e dos projetos de venda ser\u00e1 dia 07\/10\/2020, \u00e0s 09h (hor\u00e1rio de Bras\u00edlia) e o Endere\u00e7o eletr\u00f4nico para envio  da documenta\u00e7\u00e3o e dos projetos de venda: compras.ifbaiano@gmail.com.<\/p>\n\n\n\n<figure class=\"wp-block-image size-large\"><img decoding=\"async\" loading=\"lazy\" width=\"1080\" height=\"1080\" src=\"https:\/\/www.ifbaiano.edu.br\/unidades\/santaines\/files\/2020\/09\/card-pnae-01-2020-santa-ines-15-09-2020.png\" alt=\"\" class=\"wp-image-14001\" \/><\/figure>\n\n\n\n<p>Poder\u00e3o participar deste procedimento, fornecedores   Individuais:   Agricultores   familiares   n\u00e3o   organizados   em   grupos,   detentores   da Declara\u00e7\u00e3o de Aptid\u00e3o ao Programa Nacional de Fortalecimento da Agricultura Familiar \u2013 DAP f\u00edsica; Agricultores familiares organizados em grupos informais detentores da Declara\u00e7\u00e3o de Aptid\u00e3o ao Programa Nacional de Fortalecimento da Agricultura Familiar \u2013 DAP F\u00edsica de cada agricultor e; Grupos formais: Agricultores familiares organizados em grupos formais (cooperativas e associa\u00e7\u00f5es) detentores da Declara\u00e7\u00e3o de Aptid\u00e3o ao Programa Nacional de Fortalecimento da Agricultura Familiar \u2013DAP Jur\u00eddica. <\/p>\n\n\n\n<p><strong>Para maiores informa\u00e7\u00f5es<a href=\"https:\/\/www.ifbaiano.edu.br\/unidades\/santaines\/files\/2020\/09\/Edital-Chamada-Publica-PNAE-01-2020.pdf\"> ACESSE AQUI O EDITAL.<\/a><\/strong><\/p>\n\n\n<p><!--EndFragment--><br>\n<br>\n<\/p>","protected":false},"excerpt":{"rendered":"<p>O envio de documentos de habilita\u00e7\u00e3o e dos projetos de venda devem ser encaminhados por e-mail <\/p>\n","protected":false},"author":86,"featured_media":12160,"comment_status":"closed","ping_status":"closed","sticky":false,"template":"","format":"standard","meta":[],"categories":[4,5,57],"tags":[],"_links":{"self":[{"href":"https:\/\/www.ifbaiano.edu.br\/unidades\/santaines\/wp-json\/wp\/v2\/posts\/14000"}],"collection":[{"href":"https:\/\/www.ifbaiano.edu.br\/unidades\/santaines\/wp-json\/wp\/v2\/posts"}],"about":[{"href":"https:\/\/www.ifbaiano.edu.br\/unidades\/santaines\/wp-json\/wp\/v2\/types\/post"}],"author":[{"embeddable":true,"href":"https:\/\/www.ifbaiano.edu.br\/unidades\/santaines\/wp-json\/wp\/v2\/users\/86"}],"replies":[{"embeddable":true,"href":"https:\/\/www.ifbaiano.edu.br\/unidades\/santaines\/wp-json\/wp\/v2\/comments?post=14000"}],"version-history":[{"count":4,"href":"https:\/\/www.ifbaiano.edu.br\/unidades\/santaines\/wp-json\/wp\/v2\/posts\/14000\/revisions"}],"predecessor-version":[{"id":14005,"href":"https:\/\/www.ifbaiano.edu.br\/unidades\/santaines\/wp-json\/wp\/v2\/posts\/14000\/revisions\/14005"}],"wp:featuredmedia":[{"embeddable":true,"href":"https:\/\/www.ifbaiano.edu.br\/unidades\/santaines\/wp-json\/wp\/v2\/media\/12160"}],"wp:attachment":[{"href":"https:\/\/www.ifbaiano.edu.br\/unidades\/santaines\/wp-json\/wp\/v2\/media?parent=14000"}],"wp:term":[{"taxonomy":"category","embeddable":true,"href":"https:\/\/www.ifbaiano.edu.br\/unidades\/santaines\/wp-json\/wp\/v2\/categories?post=14000"},{"taxonomy":"post_tag","embeddable":true,"href":"https:\/\/www.ifbaiano.edu.br\/unidades\/santaines\/wp-json\/wp\/v2\/tags?post=14000"}],"curies":[{"name":"wp","href":"https:\/\/api.w.org\/{rel}","templated":true}]}}