{"id":14050,"date":"2020-10-02T09:20:16","date_gmt":"2020-10-02T12:20:16","guid":{"rendered":"https:\/\/www.ifbaiano.edu.br\/unidades\/santaines\/?p=14050"},"modified":"2020-10-02T09:20:16","modified_gmt":"2020-10-02T12:20:16","slug":"inscricoes-abertas-para-financiamento-de-cursos-e-projetos-de-pos-graduacao","status":"publish","type":"post","link":"https:\/\/www.ifbaiano.edu.br\/unidades\/santaines\/inscricoes-abertas-para-financiamento-de-cursos-e-projetos-de-pos-graduacao\/","title":{"rendered":"Inscri\u00e7\u00f5es abertas para financiamento de cursos e projetos de p\u00f3s-gradua\u00e7\u00e3o"},"content":{"rendered":"\n<p>A Pr\u00f3-reitoria de Pesquisa e Inova\u00e7\u00e3o (Propes) est\u00e1 com duas chamadas internas abertas voltadas para a P\u00f3s-gradua\u00e7\u00e3o. A primeira \u00e9 a&nbsp;<a href=\"https:\/\/concurso.ifbaiano.edu.br\/portal\/proap-setembro-2020\/wp-content\/uploads\/sites\/364\/2020\/09\/Edital-PROAP-2020-Apoio-%C3%A0-implanta%C3%A7%C3%A3o-de-novos-cursos.pdf\">Chamada de n\u00famero 14<\/a>&nbsp;que disponibiliza aux\u00edlio na implanta\u00e7\u00e3o de cursos de p\u00f3s-gradua\u00e7\u00e3o do IF Baiano, destinando a quantia de R$ 8 mil para cursos&nbsp;<em>lato sensu<\/em>&nbsp;e R$ 10 mil para cursos&nbsp;<em>stricto sensu<\/em>. J\u00e1 a&nbsp;<a href=\"https:\/\/concurso.ifbaiano.edu.br\/portal\/proap-bolsas-setembro-2020\/wp-content\/uploads\/sites\/365\/2020\/09\/Edital-PROAP-Bolsas-em-projetos-verticalizados.pdf\">Chamada de n\u00famero 15<\/a>, do Programa de P\u00f3s-gradua\u00e7\u00e3o, selecionar\u00e1 projetos de pesquisa e financiar\u00e1 bolsas para alunos de mestrado, especializa\u00e7\u00e3o, gradua\u00e7\u00e3o e n\u00edvel m\u00e9dio.<\/p>\n\n\n\n<p><strong>Aux\u00edlio para cursos<\/strong><\/p>\n\n\n\n<p>No edital n\u00b0 105, \u00e9 poss\u00edvel consultar a lista dos cursos de p\u00f3s-gradua\u00e7\u00e3o que podem enviar propostas para o aux\u00edlio da Chamada n\u00b0 14, que cobrir\u00e1 custos como material de consumo, reposi\u00e7\u00e3o e manuten\u00e7\u00e3o de equipamentos, di\u00e1rias e passagens, entre outros. As inscri\u00e7\u00f5es para o aux\u00edlio est\u00e3o abertas at\u00e9 o dia 5 de outubro e as propostas devem ser enviadas para o e-mail\u00a0<a href=\"mailto:pos.graduacao@reitoria.ifbaiano.edu.br\">pos.graduacao@reitoria.ifbaiano.edu.br<\/a>\u00a0atrav\u00e9s de e-mail institucional da coordena\u00e7\u00e3o do curso.<\/p>\n\n\n\n<p><strong>Bolsas para projetos de pesquisa<\/strong><\/p>\n\n\n\n<p>A Chamada n\u00b0 15 est\u00e1 com inscri\u00e7\u00f5es abertas at\u00e9 12 de outubro, via SUAP (Sistema Unificado de Administra\u00e7\u00e3o P\u00fablica), e selecionar\u00e1 dois tipos de projeto: um com bolsa para aluno de especializa\u00e7\u00e3o e o outro para estudante de mestrado. Ambos os tipos compostos por equipe mista, incluindo bolsas de gradua\u00e7\u00e3o e n\u00edvel m\u00e9dio. As bolsas variam entre 100 e 1500 reais. A sele\u00e7\u00e3o ter\u00e1 como crit\u00e9rios de an\u00e1lise das propostas os n\u00edveis de inova\u00e7\u00e3o, impacto, aplicabilidade, avalia\u00e7\u00e3o de impacto cient\u00edfico e social, an\u00e1lise da introdu\u00e7\u00e3o, justificativa, estado da t\u00e9cnica, objetivos, metodologia, acompanhamento e dissemina\u00e7\u00e3o dos resultados.<\/p>\n\n\n\n<p>Os interessados devem consultar os editais, dispon\u00edveis na p\u00e1gina&nbsp;<a href=\"https:\/\/ifbaiano.edu.br\/portal\/concursos\/\">Concursos e Sele\u00e7\u00f5es<\/a>, para informa\u00e7\u00f5es mais detalhadas. Em caso de d\u00favidas sobre os editais, a Propes recomenda que o proponente entre em contato atrav\u00e9s do e-mail&nbsp;<a href=\"mailto:pos.graduacao@reitoria.ifbaiano.edu.br\">pos.graduacao@reitoria.ifbaiano.edu.br<\/a>.<\/p>\n","protected":false},"excerpt":{"rendered":"<p>Chamadas P\u00fablicas da Propes financiam aux\u00edlio para cursos de p\u00f3s-gradua\u00e7\u00e3o e bolsas de pesquisa<\/p>\n","protected":false},"author":86,"featured_media":0,"comment_status":"closed","ping_status":"closed","sticky":false,"template":"","format":"standard","meta":[],"categories":[4,38,57],"tags":[],"_links":{"self":[{"href":"https:\/\/www.ifbaiano.edu.br\/unidades\/santaines\/wp-json\/wp\/v2\/posts\/14050"}],"collection":[{"href":"https:\/\/www.ifbaiano.edu.br\/unidades\/santaines\/wp-json\/wp\/v2\/posts"}],"about":[{"href":"https:\/\/www.ifbaiano.edu.br\/unidades\/santaines\/wp-json\/wp\/v2\/types\/post"}],"author":[{"embeddable":true,"href":"https:\/\/www.ifbaiano.edu.br\/unidades\/santaines\/wp-json\/wp\/v2\/users\/86"}],"replies":[{"embeddable":true,"href":"https:\/\/www.ifbaiano.edu.br\/unidades\/santaines\/wp-json\/wp\/v2\/comments?post=14050"}],"version-history":[{"count":1,"href":"https:\/\/www.ifbaiano.edu.br\/unidades\/santaines\/wp-json\/wp\/v2\/posts\/14050\/revisions"}],"predecessor-version":[{"id":14051,"href":"https:\/\/www.ifbaiano.edu.br\/unidades\/santaines\/wp-json\/wp\/v2\/posts\/14050\/revisions\/14051"}],"wp:attachment":[{"href":"https:\/\/www.ifbaiano.edu.br\/unidades\/santaines\/wp-json\/wp\/v2\/media?parent=14050"}],"wp:term":[{"taxonomy":"category","embeddable":true,"href":"https:\/\/www.ifbaiano.edu.br\/unidades\/santaines\/wp-json\/wp\/v2\/categories?post=14050"},{"taxonomy":"post_tag","embeddable":true,"href":"https:\/\/www.ifbaiano.edu.br\/unidades\/santaines\/wp-json\/wp\/v2\/tags?post=14050"}],"curies":[{"name":"wp","href":"https:\/\/api.w.org\/{rel}","templated":true}]}}