{"id":14056,"date":"2020-10-20T14:19:00","date_gmt":"2020-10-20T17:19:00","guid":{"rendered":"https:\/\/www.ifbaiano.edu.br\/unidades\/santaines\/?p=14056"},"modified":"2020-10-20T14:59:04","modified_gmt":"2020-10-20T17:59:04","slug":"inscricoes-abertas-para-o-programa-de-residencia-pedagogica","status":"publish","type":"post","link":"https:\/\/www.ifbaiano.edu.br\/unidades\/santaines\/inscricoes-abertas-para-o-programa-de-residencia-pedagogica\/","title":{"rendered":"Inscri\u00e7\u00f5es abertas para o Programa de Resid\u00eancia Pedag\u00f3gica"},"content":{"rendered":"\n<p>O Programa de Resid\u00eancia Pedag\u00f3gica do IF Baiano (PRP\/IF Baiano) est\u00e1 com inscri\u00e7\u00f5es abertas at\u00e9 o dia 13, pr\u00f3xima ter\u00e7a-feira, por meio de duas chamadas. As convoca\u00e7\u00f5es s\u00e3o para os&nbsp;<em>campi&nbsp;<\/em>Santa In\u00eas, Senhor do Bonfim, Catu e Guanambi.<\/p>\n\n\n\n<p>Saiba mais sobre as chamadas:<\/p>\n\n\n\n<p><strong>PRP\/IF Baiano para discentes<\/strong><\/p>\n\n\n\n<p>O Programa de Resid\u00eancia Pedag\u00f3gica para discentes,&nbsp;<a href=\"https:\/\/concurso.ifbaiano.edu.br\/portal\/discentes-prp-setembro-2020\/\">Edital n\u00ba 110<\/a>,  (prorrogado pelo <a href=\"https:\/\/concurso.ifbaiano.edu.br\/portal\/discentes-prp-setembro-2020\/\">Edital n\u00ba 123<\/a> e retificado posteriormente pelo <a href=\"https:\/\/concurso.ifbaiano.edu.br\/portal\/discentes-prp-setembro-2020\/wp-content\/uploads\/sites\/360\/2020\/10\/Edital-de-Retifica%C3%A7%C3%A3o-n%C2%BA-130-Edital-n%C2%BA-110-Reabertura-das-inscri%C3%A7%C3%B5es.pdf\">Edital n\u00ba 130<\/a>) tem o objetivo de selecionar licenciandos dos cursos de Ci\u00eancias Biol\u00f3gicas\/Biologia e Geografia, do&nbsp;<em>Campus&nbsp;<\/em>Santa In\u00eas, Ci\u00eancias da Computa\u00e7\u00e3o\/Inform\u00e1tica, do&nbsp;<em>Campus&nbsp;<\/em>Senhor do Bonfim, e Qu\u00edmica, das unidades Guanambi e Catu. S\u00e3o 72 bolsas remuneradas (R$400,00) e 18 volunt\u00e1rias, totalizando 90 oportunidades, todas com o objetivo de pleitear estudantes para a pr\u00e1tica do curso de gradua\u00e7\u00e3o em sala de aula.<\/p>\n\n\n\n<p>\u201cEsse programa incentiva a forma\u00e7\u00e3o pr\u00e1tica nos cursos de licenciatura, promove a imers\u00e3o dos estudantes nas escolas p\u00fablicas de educa\u00e7\u00e3o b\u00e1sica e permite que eles articulem os seus conhecimentos te\u00f3ricos constru\u00eddos ao longo do curso \u00e0 pr\u00e1tica, ao ch\u00e3o da sala de aula\u201d, explica a coordenadora do programa, Aline Lima.<\/p>\n\n\n\n<p>Para participar, interessados devem ter conclu\u00eddo pelo menos 50% da gradua\u00e7\u00e3o e comprovar que disp\u00f5em de no m\u00ednimo 23 horas mensais para dedica\u00e7\u00e3o \u00e0s atividades do projeto. A sele\u00e7\u00e3o acontecer\u00e1 por meio do envio de documenta\u00e7\u00e3o exigida no edital para o e-mail prp@reitoria.ifbaiano.edu.br.<\/p>\n\n\n\n<p><strong>PRP\/IF Baiano para professores<\/strong><\/p>\n\n\n\n<p>O Programa de Resid\u00eancia Pedag\u00f3gica do IF Baiano para professores,&nbsp;<a href=\"https:\/\/concurso.ifbaiano.edu.br\/portal\/docente-prp-setembro-2020\/\">Edital 111<\/a> (prorrogado  pelo <a href=\"https:\/\/concurso.ifbaiano.edu.br\/portal\/docente-prp-setembro-2020\/wp-content\/uploads\/sites\/361\/2020\/10\/Edital-124_2020-RET-GAB_RET_IFBAIANO_Preceptores.pdf\">Edital n\u00ba 124<\/a>  e retificado posteriormente pelo <a href=\"https:\/\/concurso.ifbaiano.edu.br\/portal\/docente-prp-setembro-2020\/wp-content\/uploads\/sites\/361\/2020\/10\/Edital-de-Retifica%C3%A7%C3%A3o-n%C2%BA-131-Edital-n%C2%BA-111-Reabertura-das-inscri%C3%A7%C3%B5es.pdf\">Edital n\u00ba 131<\/a>), tem o objetivo de selecionar docentes das redes p\u00fablicas de ensino, que integram o projeto institucional do PRP\/IF Baiano, para acompanharem e auxiliarem licenciandos residentes em suas atividades e demandas.<\/p>\n\n\n\n<p>As vagas est\u00e3o distribu\u00eddas para o Campus Catu, com 2 vagas para licenciados em Qu\u00edmica, para o Campus Senhor do Bonfim, com 2 oportunidades para Ci\u00eancias da Computa\u00e7\u00e3o\/Inform\u00e1tica, para o Campus Guanambi, com 1 vaga para professor em Qu\u00edmica e para o&nbsp;<em>Campus&nbsp;<\/em>Santa In\u00eas, com 2 vagas para Ci\u00eancias Biol\u00f3gicas e 2 para Geografia.<\/p>\n\n\n\n<p>\u201cO programa visa fortalecer e ampliar as rela\u00e7\u00f5es entre o Instituto Federal Baiano e as escolas p\u00fablicas de educa\u00e7\u00e3o b\u00e1sica. Os chamados professores preceptores, que s\u00e3o professores da educa\u00e7\u00e3o b\u00e1sica, v\u00e3o, mediante processo seletivo, acompanhar os nossos estudantes dos cursos de licenciatura nas escolas parceiras\u201d, comenta a coordenadora do projeto, Aline Lima.<\/p>\n\n\n\n<p>Os candidatos ir\u00e3o atuar em&nbsp;<a href=\"https:\/\/concurso.ifbaiano.edu.br\/portal\/docente-prp-setembro-2020\/\">escolas cadastradas<\/a>&nbsp;na plataforma Capes de Educa\u00e7\u00e3o B\u00e1sica das regi\u00f5es pleiteadas em edital, uma vez que 12 munic\u00edpios podem ser favorecidos com a proposta. Para se inscrever, os interessados precisam checar os documentos indicados em edital e envi\u00e1-los para o e-mail prp@reitoria.ifbaiano.edu.br. Uma comiss\u00e3o respons\u00e1vel ir\u00e1 avaliar e selecionar os candidatos que mais pontuarem, de acordo com as exig\u00eancias pr\u00e9-estabelecidas na chamada.<\/p>\n","protected":false},"excerpt":{"rendered":"<p>Inscri\u00e7\u00f5es prorrogadas at\u00e9 22 de outubro.<\/p>\n","protected":false},"author":86,"featured_media":0,"comment_status":"closed","ping_status":"closed","sticky":false,"template":"","format":"standard","meta":[],"categories":[4,38,57],"tags":[],"_links":{"self":[{"href":"https:\/\/www.ifbaiano.edu.br\/unidades\/santaines\/wp-json\/wp\/v2\/posts\/14056"}],"collection":[{"href":"https:\/\/www.ifbaiano.edu.br\/unidades\/santaines\/wp-json\/wp\/v2\/posts"}],"about":[{"href":"https:\/\/www.ifbaiano.edu.br\/unidades\/santaines\/wp-json\/wp\/v2\/types\/post"}],"author":[{"embeddable":true,"href":"https:\/\/www.ifbaiano.edu.br\/unidades\/santaines\/wp-json\/wp\/v2\/users\/86"}],"replies":[{"embeddable":true,"href":"https:\/\/www.ifbaiano.edu.br\/unidades\/santaines\/wp-json\/wp\/v2\/comments?post=14056"}],"version-history":[{"count":8,"href":"https:\/\/www.ifbaiano.edu.br\/unidades\/santaines\/wp-json\/wp\/v2\/posts\/14056\/revisions"}],"predecessor-version":[{"id":14136,"href":"https:\/\/www.ifbaiano.edu.br\/unidades\/santaines\/wp-json\/wp\/v2\/posts\/14056\/revisions\/14136"}],"wp:attachment":[{"href":"https:\/\/www.ifbaiano.edu.br\/unidades\/santaines\/wp-json\/wp\/v2\/media?parent=14056"}],"wp:term":[{"taxonomy":"category","embeddable":true,"href":"https:\/\/www.ifbaiano.edu.br\/unidades\/santaines\/wp-json\/wp\/v2\/categories?post=14056"},{"taxonomy":"post_tag","embeddable":true,"href":"https:\/\/www.ifbaiano.edu.br\/unidades\/santaines\/wp-json\/wp\/v2\/tags?post=14056"}],"curies":[{"name":"wp","href":"https:\/\/api.w.org\/{rel}","templated":true}]}}