{"id":14097,"date":"2020-10-09T17:28:29","date_gmt":"2020-10-09T20:28:29","guid":{"rendered":"https:\/\/www.ifbaiano.edu.br\/unidades\/santaines\/?p=14097"},"modified":"2020-10-09T17:28:29","modified_gmt":"2020-10-09T20:28:29","slug":"gesarh-realiza-evento-com-o-tema-agua-no-semiarido-propostas-inovadoras","status":"publish","type":"post","link":"https:\/\/www.ifbaiano.edu.br\/unidades\/santaines\/gesarh-realiza-evento-com-o-tema-agua-no-semiarido-propostas-inovadoras\/","title":{"rendered":"GESARH realiza evento com o tema &#8220;\u00c1gua no Semi\u00e1rido: propostas inovadoras&#8221;"},"content":{"rendered":"\n<p>No pr\u00f3ximo dia 13 de (ter\u00e7a-feira), \u00e0s 19h, acontece, de forma <em>on-line<\/em>, uma &#8220;mesa redonda&#8221; organizada pelo Grupo de Estudos Socioambientais com \u00canfase em Recursos H\u00eddricos (GESARH) do IF Baiano <em>Campus<\/em> Santa In\u00eas.  O evento<em>, <\/em>com participa\u00e7\u00e3o de convidados, discutir\u00e1 o tema: &#8220;\u00c1gua no Semi\u00e1rido: propostas inovadoras&#8221;.<\/p>\n\n\n\n<p>A mesa redonda tem como principal objetivo compartilhar experi\u00eancias que visam a melhoria da qualidade de vida de toda a popula\u00e7\u00e3o, promovendo uma reflex\u00e3o sobre pol\u00edticas p\u00fablicas, integra\u00e7\u00e3o entre setores da sociedade e tecnologias de baixo custo. O evento ser\u00e1 transmitido pela plataforma <a href=\"https:\/\/www.youtube.com\/channel\/UC6Dt8Sk9ceLbMDolA5cJNzA\">Youtube <\/a>.<\/p>\n\n\n\n<p>O tema deste evento, aberto para a participa\u00e7\u00e3o de toda a comunidade interna e externa ao IF Baiano, surgiu a partir da discuss\u00e3o do Grupo com base nas necessidades e condi\u00e7\u00f5es socioambientais da regi\u00e3o de Santa In\u00eas.    <\/p>\n\n\n\n<p>Participar\u00e3o do evento, como palestrantes:<\/p>\n\n\n\n<p>&#8211; <strong>LUCIANA\nSANTA RITA<\/strong>, da Secretaria do Meio Ambiente do Estado da Bahia, que falar\u00e1\nsobre o \u201cPrograma \u00c1gua Doce Bahia\u201d.<\/p>\n\n\n\n<p>&#8211; <strong>CL\u00d3VIS\nMATHEUS PEREIRA<\/strong> \u2013 Universidade Federal do Rec\u00f4ncavo da Bahia, debater\u00e1 o\ntema \u201cA sustentabilidade do sistema de tratamento de esgotos\u201d. <\/p>\n\n\n\n<p>&#8211; <strong>EMERSON MOREIRA CAJADO<\/strong> e <strong>P\u00c9RICLES SOUZA DE CARVALHO<\/strong>, do IF Baiano <em>Campus<\/em> Serrinha debatendo o tema \u201cSemi\u00e1rido: escassez ou dificuldade de acesso a \u00e1gua?&#8221;<\/p>\n\n\n\n<figure class=\"wp-block-image size-large\"><img decoding=\"async\" loading=\"lazy\" width=\"1080\" height=\"1080\" src=\"https:\/\/www.ifbaiano.edu.br\/unidades\/santaines\/files\/2020\/10\/card-agua-no-semiarido-santa-ines-setembro-2020.png\" alt=\"\" class=\"wp-image-14101\" \/><\/figure>\n\n\n\n<p><\/p>\n\n\n\n<p> <\/p>\n","protected":false},"excerpt":{"rendered":"<p>Evento acontece dia 13 de outubro de 2020 (ter\u00e7a-feira), \u00e0s 19h<\/p>\n","protected":false},"author":86,"featured_media":14099,"comment_status":"closed","ping_status":"closed","sticky":false,"template":"","format":"standard","meta":[],"categories":[4,5,57],"tags":[],"_links":{"self":[{"href":"https:\/\/www.ifbaiano.edu.br\/unidades\/santaines\/wp-json\/wp\/v2\/posts\/14097"}],"collection":[{"href":"https:\/\/www.ifbaiano.edu.br\/unidades\/santaines\/wp-json\/wp\/v2\/posts"}],"about":[{"href":"https:\/\/www.ifbaiano.edu.br\/unidades\/santaines\/wp-json\/wp\/v2\/types\/post"}],"author":[{"embeddable":true,"href":"https:\/\/www.ifbaiano.edu.br\/unidades\/santaines\/wp-json\/wp\/v2\/users\/86"}],"replies":[{"embeddable":true,"href":"https:\/\/www.ifbaiano.edu.br\/unidades\/santaines\/wp-json\/wp\/v2\/comments?post=14097"}],"version-history":[{"count":3,"href":"https:\/\/www.ifbaiano.edu.br\/unidades\/santaines\/wp-json\/wp\/v2\/posts\/14097\/revisions"}],"predecessor-version":[{"id":14102,"href":"https:\/\/www.ifbaiano.edu.br\/unidades\/santaines\/wp-json\/wp\/v2\/posts\/14097\/revisions\/14102"}],"wp:featuredmedia":[{"embeddable":true,"href":"https:\/\/www.ifbaiano.edu.br\/unidades\/santaines\/wp-json\/wp\/v2\/media\/14099"}],"wp:attachment":[{"href":"https:\/\/www.ifbaiano.edu.br\/unidades\/santaines\/wp-json\/wp\/v2\/media?parent=14097"}],"wp:term":[{"taxonomy":"category","embeddable":true,"href":"https:\/\/www.ifbaiano.edu.br\/unidades\/santaines\/wp-json\/wp\/v2\/categories?post=14097"},{"taxonomy":"post_tag","embeddable":true,"href":"https:\/\/www.ifbaiano.edu.br\/unidades\/santaines\/wp-json\/wp\/v2\/tags?post=14097"}],"curies":[{"name":"wp","href":"https:\/\/api.w.org\/{rel}","templated":true}]}}