{"id":14124,"date":"2020-10-19T10:13:11","date_gmt":"2020-10-19T13:13:11","guid":{"rendered":"https:\/\/www.ifbaiano.edu.br\/unidades\/santaines\/?p=14124"},"modified":"2020-10-19T10:13:11","modified_gmt":"2020-10-19T13:13:11","slug":"servidores-tem-ate-dia-23-para-responder-pesquisa-sobre-valores-do-servico-publico-federal","status":"publish","type":"post","link":"https:\/\/www.ifbaiano.edu.br\/unidades\/santaines\/servidores-tem-ate-dia-23-para-responder-pesquisa-sobre-valores-do-servico-publico-federal\/","title":{"rendered":"Servidores t\u00eam at\u00e9 dia 23 para responder pesquisa sobre valores do Servi\u00e7o P\u00fablico Federal"},"content":{"rendered":"\n<p>A Controladoria-Geral da Uni\u00e3o (CGU), em parceria com a Organiza\u00e7\u00e3o para a Coopera\u00e7\u00e3o e Desenvolvimento Econ\u00f4mico (OCDE), est\u00e1 realizando uma pesquisa de levantamento de valores, a ser respondida por servidores p\u00fablicos federais. O formul\u00e1rio eletr\u00f4nico est\u00e1 dispon\u00edvel at\u00e9 23 de outubro de 2020 e pode ser acessado&nbsp;<a href=\"https:\/\/forms.office.com\/Pages\/ResponsePage.aspx?id=_tl4ZiEJfUGEEV8cGN77u2jHwPk0GcFPuPhybT8dpYtUOUNDV1pQR05MSlFDM1oyNlRIRkY5UTA5NC4u&amp;embed=true\">neste link<\/a>. Para participar, cada servidor dever\u00e1 sugerir de 1 a 3 valores, al\u00e9m de indicar a qual \u00f3rg\u00e3o\/entidade pertence.<\/p>\n\n\n\n<p>A a\u00e7\u00e3o \u00e9 parte do Projeto Projeto Valores do Servi\u00e7o P\u00fablico Federal, o qual tem o objetivo de estimular que os servidores federais de todo o Brasil escolham quais valores ir\u00e3o orientar e balizar a cultura da Administra\u00e7\u00e3o P\u00fablica.&nbsp;<br><\/p>\n\n\n\n<p>Ap\u00f3s o recebimento das respostas da pesquisa, os valores indicados pelos servidores passar\u00e3o por processos de sele\u00e7\u00e3o e valida\u00e7\u00e3o, incluindo a participa\u00e7\u00e3o de representantes do setor privado e da sociedade civil. Finalmente ser\u00e3o consolidados os Valores do Servi\u00e7o P\u00fablico Brasileiro. O resultado ser\u00e1 divulgado durante evento alusivo ao Dia Internacional contra a Corrup\u00e7\u00e3o, entre os dias 9 e 11 de dezembro.<\/p>\n\n\n\n<p>Para mais informa\u00e7\u00f5es sobre o projeto, acesse:&nbsp;<a href=\"http:\/\/www.cgu.gov.br\/valores\">www.cgu.gov.br\/valores<\/a><\/p>\n","protected":false},"excerpt":{"rendered":"<p>A\u00e7\u00e3o \u00e9 parte do Projeto Projeto Valores do Servi\u00e7o P\u00fablico Federal, da CGU e OCDE. Formul\u00e1rio online fica dispon\u00edvel at\u00e9 23 de outubro.<\/p>\n","protected":false},"author":86,"featured_media":0,"comment_status":"closed","ping_status":"closed","sticky":false,"template":"","format":"standard","meta":[],"categories":[4,38,5,57],"tags":[],"_links":{"self":[{"href":"https:\/\/www.ifbaiano.edu.br\/unidades\/santaines\/wp-json\/wp\/v2\/posts\/14124"}],"collection":[{"href":"https:\/\/www.ifbaiano.edu.br\/unidades\/santaines\/wp-json\/wp\/v2\/posts"}],"about":[{"href":"https:\/\/www.ifbaiano.edu.br\/unidades\/santaines\/wp-json\/wp\/v2\/types\/post"}],"author":[{"embeddable":true,"href":"https:\/\/www.ifbaiano.edu.br\/unidades\/santaines\/wp-json\/wp\/v2\/users\/86"}],"replies":[{"embeddable":true,"href":"https:\/\/www.ifbaiano.edu.br\/unidades\/santaines\/wp-json\/wp\/v2\/comments?post=14124"}],"version-history":[{"count":1,"href":"https:\/\/www.ifbaiano.edu.br\/unidades\/santaines\/wp-json\/wp\/v2\/posts\/14124\/revisions"}],"predecessor-version":[{"id":14125,"href":"https:\/\/www.ifbaiano.edu.br\/unidades\/santaines\/wp-json\/wp\/v2\/posts\/14124\/revisions\/14125"}],"wp:attachment":[{"href":"https:\/\/www.ifbaiano.edu.br\/unidades\/santaines\/wp-json\/wp\/v2\/media?parent=14124"}],"wp:term":[{"taxonomy":"category","embeddable":true,"href":"https:\/\/www.ifbaiano.edu.br\/unidades\/santaines\/wp-json\/wp\/v2\/categories?post=14124"},{"taxonomy":"post_tag","embeddable":true,"href":"https:\/\/www.ifbaiano.edu.br\/unidades\/santaines\/wp-json\/wp\/v2\/tags?post=14124"}],"curies":[{"name":"wp","href":"https:\/\/api.w.org\/{rel}","templated":true}]}}