{"id":14135,"date":"2020-10-20T15:14:27","date_gmt":"2020-10-20T18:14:27","guid":{"rendered":"https:\/\/www.ifbaiano.edu.br\/unidades\/santaines\/?p=14135"},"modified":"2020-10-20T15:14:27","modified_gmt":"2020-10-20T18:14:27","slug":"campus-santa-ines-promove-momento-para-atualizacao-sobre-o-tema-central-da-snct","status":"publish","type":"post","link":"https:\/\/www.ifbaiano.edu.br\/unidades\/santaines\/campus-santa-ines-promove-momento-para-atualizacao-sobre-o-tema-central-da-snct\/","title":{"rendered":"Campus Santa In\u00eas promove momento para atualiza\u00e7\u00e3o sobre o tema central da SNCT"},"content":{"rendered":"\n<p>O IF Baiano Campus Santa In\u00eas realizar\u00e1,  no pr\u00f3ximo dia 29 (quinta-feira),  momento para atualiza\u00e7\u00e3o sobre o tema central da Semana Nacional de Ci\u00eancia e Tecnologia (SNCT).<\/p>\n\n\n\n<p>O evento  \u201cMesa Redonda sobre Intelig\u00eancia Artificial e suas aplica\u00e7\u00f5es\u201d est\u00e1 programado para acontecer das 09h \u00e0s 11h, de forma <em>on-line <\/em>e ser\u00e1 transmitido atrav\u00e9s do Canal do <em>youtube <\/em><a href=\"https:\/\/www.youtube.com\/channel\/UCqjMXaO9APZhtsXUDCbPh_Q\/videos\">SNCT IF Baiano-Santa In\u00eas<\/a>:<\/p>\n\n\n\n<p>As inscri\u00e7\u00f5es para obten\u00e7\u00e3o de certificado ser\u00e3o realizadas durante o evento atrav\u00e9s de lista de presen\u00e7a na plataforma <em>Google Form<\/em>. Para o presidente da comiss\u00e3o organizadora do evento, \u00e9 importante que a comunidade do Campus Santa In\u00eas se atualize sobre o tema da SNCT. Por isso a comiss\u00e3o preparou uma mesa com especialistas no assunto.<\/p>\n\n\n\n<p>Os debatedores convidados para o evento s\u00e3o Leandro Silva Teixeira, que desenvolve projeto com tecnologia assistiva utilizando Arduino, aplica\u00e7\u00e3o de Intelig\u00eancia Artificial nas redes sociais; Marcos Martinez do Vale, que atua com Sistemas Inteligentes:\u00a0<em>data mining<\/em>, modelagem\u00a0<em>fuzzy<\/em>\u00a0e RNA aplicada \u00e0 produ\u00e7\u00e3o animal e o empres\u00e1rio e perito judicial, que atua com automa\u00e7\u00e3o industrial e agropecu\u00e1ria, sistemas embarcados, linux embarcado e IOT, Ivan Assaritti. <\/p>\n\n\n\n<figure class=\"wp-block-image size-large is-resized\"><img decoding=\"async\" loading=\"lazy\" src=\"https:\/\/www.ifbaiano.edu.br\/unidades\/santaines\/files\/2020\/10\/04e0a3bc-81d7-43ec-99bb-7b8baad358ff.jpg\" alt=\"\" class=\"wp-image-14137\" width=\"567\" height=\"567\" \/><\/figure>\n","protected":false},"excerpt":{"rendered":"<p>O IF Baiano Campus Santa In\u00eas realizar\u00e1, no pr\u00f3ximo dia 29 (quinta-feira), momento para atualiza\u00e7\u00e3o sobre o tema central da Semana Nacional de Ci\u00eancia e Tecnologia (SNCT). O evento \u201cMesa Redonda sobre Intelig\u00eancia Artificial e suas aplica\u00e7\u00f5es\u201d est\u00e1 programado para acontecer das 09h \u00e0s 11h, de forma on-line e ser\u00e1 transmitido atrav\u00e9s do Canal do [&hellip;]<\/p>\n","protected":false},"author":86,"featured_media":14139,"comment_status":"closed","ping_status":"closed","sticky":false,"template":"","format":"standard","meta":[],"categories":[4,5,57],"tags":[],"_links":{"self":[{"href":"https:\/\/www.ifbaiano.edu.br\/unidades\/santaines\/wp-json\/wp\/v2\/posts\/14135"}],"collection":[{"href":"https:\/\/www.ifbaiano.edu.br\/unidades\/santaines\/wp-json\/wp\/v2\/posts"}],"about":[{"href":"https:\/\/www.ifbaiano.edu.br\/unidades\/santaines\/wp-json\/wp\/v2\/types\/post"}],"author":[{"embeddable":true,"href":"https:\/\/www.ifbaiano.edu.br\/unidades\/santaines\/wp-json\/wp\/v2\/users\/86"}],"replies":[{"embeddable":true,"href":"https:\/\/www.ifbaiano.edu.br\/unidades\/santaines\/wp-json\/wp\/v2\/comments?post=14135"}],"version-history":[{"count":1,"href":"https:\/\/www.ifbaiano.edu.br\/unidades\/santaines\/wp-json\/wp\/v2\/posts\/14135\/revisions"}],"predecessor-version":[{"id":14138,"href":"https:\/\/www.ifbaiano.edu.br\/unidades\/santaines\/wp-json\/wp\/v2\/posts\/14135\/revisions\/14138"}],"wp:featuredmedia":[{"embeddable":true,"href":"https:\/\/www.ifbaiano.edu.br\/unidades\/santaines\/wp-json\/wp\/v2\/media\/14139"}],"wp:attachment":[{"href":"https:\/\/www.ifbaiano.edu.br\/unidades\/santaines\/wp-json\/wp\/v2\/media?parent=14135"}],"wp:term":[{"taxonomy":"category","embeddable":true,"href":"https:\/\/www.ifbaiano.edu.br\/unidades\/santaines\/wp-json\/wp\/v2\/categories?post=14135"},{"taxonomy":"post_tag","embeddable":true,"href":"https:\/\/www.ifbaiano.edu.br\/unidades\/santaines\/wp-json\/wp\/v2\/tags?post=14135"}],"curies":[{"name":"wp","href":"https:\/\/api.w.org\/{rel}","templated":true}]}}