{"id":14165,"date":"2020-10-27T20:12:22","date_gmt":"2020-10-27T23:12:22","guid":{"rendered":"https:\/\/www.ifbaiano.edu.br\/unidades\/santaines\/?p=14165"},"modified":"2020-10-28T16:14:37","modified_gmt":"2020-10-28T19:14:37","slug":"direcao-academica-do-campus-santa-ines-divulga-nota-informativa-sobre-retorno-as-atividades","status":"publish","type":"post","link":"https:\/\/www.ifbaiano.edu.br\/unidades\/santaines\/direcao-academica-do-campus-santa-ines-divulga-nota-informativa-sobre-retorno-as-atividades\/","title":{"rendered":"Dire\u00e7\u00e3o Acad\u00eamica do Campus Santa In\u00eas divulga Nota Informativa sobre retorno \u00e0s atividades"},"content":{"rendered":"\n<figure class=\"wp-block-image size-large\"><img decoding=\"async\" loading=\"lazy\" width=\"1080\" height=\"1080\" src=\"https:\/\/www.ifbaiano.edu.br\/unidades\/santaines\/files\/2020\/10\/card-retorno-atividades-santa-ines-27-10-2020.png\" alt=\"\" class=\"wp-image-14167\" \/><\/figure>\n","protected":false},"excerpt":{"rendered":"<p>A previs\u00e3o de retorno \u00e0s atividades de ensino, de forma n\u00e3o presencial, \u00e9 a partir do dia 09 de novembro<\/p>\n","protected":false},"author":86,"featured_media":14174,"comment_status":"closed","ping_status":"closed","sticky":false,"template":"","format":"standard","meta":[],"categories":[4,5,10,57],"tags":[],"_links":{"self":[{"href":"https:\/\/www.ifbaiano.edu.br\/unidades\/santaines\/wp-json\/wp\/v2\/posts\/14165"}],"collection":[{"href":"https:\/\/www.ifbaiano.edu.br\/unidades\/santaines\/wp-json\/wp\/v2\/posts"}],"about":[{"href":"https:\/\/www.ifbaiano.edu.br\/unidades\/santaines\/wp-json\/wp\/v2\/types\/post"}],"author":[{"embeddable":true,"href":"https:\/\/www.ifbaiano.edu.br\/unidades\/santaines\/wp-json\/wp\/v2\/users\/86"}],"replies":[{"embeddable":true,"href":"https:\/\/www.ifbaiano.edu.br\/unidades\/santaines\/wp-json\/wp\/v2\/comments?post=14165"}],"version-history":[{"count":3,"href":"https:\/\/www.ifbaiano.edu.br\/unidades\/santaines\/wp-json\/wp\/v2\/posts\/14165\/revisions"}],"predecessor-version":[{"id":14175,"href":"https:\/\/www.ifbaiano.edu.br\/unidades\/santaines\/wp-json\/wp\/v2\/posts\/14165\/revisions\/14175"}],"wp:featuredmedia":[{"embeddable":true,"href":"https:\/\/www.ifbaiano.edu.br\/unidades\/santaines\/wp-json\/wp\/v2\/media\/14174"}],"wp:attachment":[{"href":"https:\/\/www.ifbaiano.edu.br\/unidades\/santaines\/wp-json\/wp\/v2\/media?parent=14165"}],"wp:term":[{"taxonomy":"category","embeddable":true,"href":"https:\/\/www.ifbaiano.edu.br\/unidades\/santaines\/wp-json\/wp\/v2\/categories?post=14165"},{"taxonomy":"post_tag","embeddable":true,"href":"https:\/\/www.ifbaiano.edu.br\/unidades\/santaines\/wp-json\/wp\/v2\/tags?post=14165"}],"curies":[{"name":"wp","href":"https:\/\/api.w.org\/{rel}","templated":true}]}}