{"id":14179,"date":"2020-10-28T20:04:09","date_gmt":"2020-10-28T23:04:09","guid":{"rendered":"https:\/\/www.ifbaiano.edu.br\/unidades\/santaines\/?p=14179"},"modified":"2020-10-28T20:04:09","modified_gmt":"2020-10-28T23:04:09","slug":"if-baiano-lanca-edital-de-bolsas-pibic-para-graduacao-e-nivel-medio","status":"publish","type":"post","link":"https:\/\/www.ifbaiano.edu.br\/unidades\/santaines\/if-baiano-lanca-edital-de-bolsas-pibic-para-graduacao-e-nivel-medio\/","title":{"rendered":"IF Baiano lan\u00e7a edital de bolsas Pibic para gradua\u00e7\u00e3o e n\u00edvel m\u00e9dio"},"content":{"rendered":"\n<p>A Pr\u00f3-reitoria de Pesquisa e Inova\u00e7\u00e3o do IF Baiano (Propes) lan\u00e7ou Chamada Interna para sele\u00e7\u00e3o de 78 projetos, que poder\u00e3o receber financiamento em bolsas do Programa Institucional de Bolsas de Inicia\u00e7\u00e3o Cient\u00edfica (Pibic) para ensino m\u00e9dio e ensino superior. As submiss\u00f5es ser\u00e3o realizadas at\u00e9 o dia 8 de novembro, atrav\u00e9s da plataforma SUAP (Sistema Unificado da Administra\u00e7\u00e3o P\u00fablica). As 78 vagas para projetos est\u00e3o distribu\u00eddas pelos 14 campi (veja tabela com discrimina\u00e7\u00e3o das vagas por campi no<a href=\"https:\/\/concurso.ifbaiano.edu.br\/portal\/pibic-outubro-2020\/wp-content\/uploads\/sites\/371\/2020\/10\/Edital-n%C2%BA-136.pdf\">&nbsp;edital<\/a>).<\/p>\n\n\n\n<p>As bolsas para alunos de gradua\u00e7\u00e3o ser\u00e3o no valor de R$ 400, com carga hor\u00e1ria de 20 horas semanais, e para estudantes de n\u00edvel m\u00e9dio de R$ 100, com carga hor\u00e1ria de dez horas semanais. O financiamento e execu\u00e7\u00e3o dos projetos ser\u00e1 de dezembro de 2020 a novembro de 2021.&nbsp;<\/p>\n\n\n\n<p>Entre os requisitos para bolsista est\u00e3o: estar regularmente matriculado em cursos de gradua\u00e7\u00e3o, integrados ou subsequentes do IF Baiano; estar apto a completar os 12 meses de bolsa referentes ao seu plano de trabalho, ainda como estudante do IF Baiano; ter bom desempenho acad\u00eamico, evidenciado pelo hist\u00f3rico escolar, com m\u00e9dia igual ou superior a 5,0. Confira no item 3 do edital todos os requisitos para os candidatos a bolsas, para os proponentes e para as propostas.&nbsp;<\/p>\n\n\n\n<p>A sele\u00e7\u00e3o levar\u00e1 em conta avalia\u00e7\u00e3o da proposta, conforme barema, e avalia\u00e7\u00e3o do curr\u00edculo do proponente. A homologa\u00e7\u00e3o das inscri\u00e7\u00f5es ser\u00e1 divulgada dia 9 de novembro e o resultado preliminar, no dia 13 de novembro.&nbsp;<\/p>\n\n\n\n<p>Acompanhe\u00a0<a href=\"https:\/\/concurso.ifbaiano.edu.br\/portal\/pibic-outubro-2020\/\">aqui<\/a>\u00a0todas as etapas da sele\u00e7\u00e3o.<\/p>\n\n\n\n<hr class=\"wp-block-separator\" \/>\n","protected":false},"excerpt":{"rendered":"<p>.<\/p>\n","protected":false},"author":86,"featured_media":14180,"comment_status":"closed","ping_status":"closed","sticky":false,"template":"","format":"standard","meta":[],"categories":[4,5,57],"tags":[],"_links":{"self":[{"href":"https:\/\/www.ifbaiano.edu.br\/unidades\/santaines\/wp-json\/wp\/v2\/posts\/14179"}],"collection":[{"href":"https:\/\/www.ifbaiano.edu.br\/unidades\/santaines\/wp-json\/wp\/v2\/posts"}],"about":[{"href":"https:\/\/www.ifbaiano.edu.br\/unidades\/santaines\/wp-json\/wp\/v2\/types\/post"}],"author":[{"embeddable":true,"href":"https:\/\/www.ifbaiano.edu.br\/unidades\/santaines\/wp-json\/wp\/v2\/users\/86"}],"replies":[{"embeddable":true,"href":"https:\/\/www.ifbaiano.edu.br\/unidades\/santaines\/wp-json\/wp\/v2\/comments?post=14179"}],"version-history":[{"count":1,"href":"https:\/\/www.ifbaiano.edu.br\/unidades\/santaines\/wp-json\/wp\/v2\/posts\/14179\/revisions"}],"predecessor-version":[{"id":14181,"href":"https:\/\/www.ifbaiano.edu.br\/unidades\/santaines\/wp-json\/wp\/v2\/posts\/14179\/revisions\/14181"}],"wp:featuredmedia":[{"embeddable":true,"href":"https:\/\/www.ifbaiano.edu.br\/unidades\/santaines\/wp-json\/wp\/v2\/media\/14180"}],"wp:attachment":[{"href":"https:\/\/www.ifbaiano.edu.br\/unidades\/santaines\/wp-json\/wp\/v2\/media?parent=14179"}],"wp:term":[{"taxonomy":"category","embeddable":true,"href":"https:\/\/www.ifbaiano.edu.br\/unidades\/santaines\/wp-json\/wp\/v2\/categories?post=14179"},{"taxonomy":"post_tag","embeddable":true,"href":"https:\/\/www.ifbaiano.edu.br\/unidades\/santaines\/wp-json\/wp\/v2\/tags?post=14179"}],"curies":[{"name":"wp","href":"https:\/\/api.w.org\/{rel}","templated":true}]}}