{"id":14285,"date":"2020-11-13T18:04:05","date_gmt":"2020-11-13T21:04:05","guid":{"rendered":"https:\/\/www.ifbaiano.edu.br\/unidades\/santaines\/?p=14285"},"modified":"2020-11-18T07:48:52","modified_gmt":"2020-11-18T10:48:52","slug":"campus-santa-ines-divulga-programacao-de-atividades-pedagogicas-nao-presenciais-apnp","status":"publish","type":"post","link":"https:\/\/www.ifbaiano.edu.br\/unidades\/santaines\/campus-santa-ines-divulga-programacao-de-atividades-pedagogicas-nao-presenciais-apnp\/","title":{"rendered":"Campus Santa In\u00eas divulga Programa\u00e7\u00e3o de Atividades Pedag\u00f3gicas N\u00e3o Presenciais (APNP)"},"content":{"rendered":"\n<p>O IF Baiano Campus Santa In\u00eas&nbsp;inicia, a partir de segunda-feira (16), as Atividades Pedag\u00f3gicas N\u00e3o Presenciais (APNP), com a Semana de Acolhimento e Ambienta\u00e7\u00e3o aos Estudantes do Campus. <\/p>\n\n\n\n<p>A programa\u00e7\u00e3o est\u00e1 dispon\u00edvel aqui no site e divulga\u00e7\u00f5es est\u00e3o sendo feitas, tamb\u00e9m, no Facebook (https:\/\/www.facebook.com\/ifsantaines) e no Instagram do campus (https:\/\/www.instagram.com\/ifbaiano.santaines\/).<\/p>\n\n\n\n<p><strong>CONFIRA A PROGRAMA\u00c7\u00c3O<\/strong>:<\/p>\n\n\n\n<p><a href=\"https:\/\/www.ifbaiano.edu.br\/unidades\/santaines\/files\/2020\/11\/Programacao-Retorno-das-Atividades-Tecnico.pdf\">Programa\u00e7\u00e3o completa para Retorno das Atividades &#8211; Cursos T\u00e9cnicos<\/a><\/p>\n\n\n\n<p><a href=\"https:\/\/www.ifbaiano.edu.br\/unidades\/santaines\/files\/2020\/11\/Programacao-Retorno-das-Atividades-Superior.pdf\">Programa\u00e7\u00e3o completa para Retorno das Atividades &#8211; Cursos Superiores<\/a><\/p>\n\n\n\n<hr class=\"wp-block-separator\" \/>\n\n\n\n<p>Abaixo (em Clique aqui) est\u00e3o disponibilizados os links de acesso \u00e0s respectivas salas de reuni\u00e3o:<\/p>\n\n\n\n<p><strong>16\/11- Segunda Feira<\/strong> <\/p>\n\n\n\n<p><strong>14h &#8211;<\/strong> Estudantes dos Cursos T\u00e9cnicos. <a href=\"https:\/\/www.youtube.com\/watch?v=m1BgYcr0Au8\"><strong>Clique aqui <\/strong><\/a>para acessar a sala<\/p>\n\n\n\n<p><strong>19h &#8211;<\/strong> Estudantes dos Cursos Superiores. <a href=\"https:\/\/www.youtube.com\/watch?v=yNJDs57JYA8\"><strong>Clique aqui<\/strong><\/a> para acessar a sala<\/p>\n\n\n\n<hr class=\"wp-block-separator\" \/>\n\n\n\n<p><strong>17\/11- Ter\u00e7a Feira<\/strong><\/p>\n\n\n\n<p><strong>9h &#8211;<\/strong> Estudantes dos Cursos T\u00e9cnicos. <a href=\"http:\/\/youtube.com\/watch?v=Lmj5m-73qLE\"><strong>Clique aqui<\/strong><\/a> para acessar a sala<\/p>\n\n\n\n<p><strong>19h &#8211;<\/strong> Estudantes dos Cursos Superiores. <a href=\"http:\/\/youtube.com\/watch?v=AVcl5jLecNw\"><strong>Clique aqui<\/strong><\/a> para acessar a sala<\/p>\n\n\n\n<hr class=\"wp-block-separator\" \/>\n\n\n\n<p><strong>18\/11 &#8211; Quarta Feira<\/strong><\/p>\n\n\n\n<p>Informativos da Biblioteca <\/p>\n\n\n\n<p><strong>Hor\u00e1rio: de 8h30min \u00e0s 9h30min &#8211;<\/strong> Docentes e Estudantes das primeiras s\u00e9ries de todos os Cursos do integrado. <strong><a href=\"https:\/\/www.youtube.com\/watch?v=DrIB9M9Vkm8\">Clique aqui<\/a><\/strong> para acessar a sala.<\/p>\n\n\n\n<p><strong>Hor\u00e1rio:<\/strong> <strong>de 13h30 \u00e0s 14h30min<\/strong> &#8211; Docentes e Estudantes das 2<sup>as <\/sup>e 3<sup>as<\/sup> s\u00e9ries do Integrado e Turmas do Subsequente. <strong><a href=\"https:\/\/www.youtube.com\/watch?v=13LR4RAwg4s\">Clique aqui<\/a><\/strong> para acessar a sala.<\/p>\n\n\n\n<p>Momento com NAPEA\/ CAE\/NAPSI<\/p>\n\n\n\n<p><strong>Hor\u00e1rio: de 19h \u00e0s 20h <\/strong>&#8211; Estudantes dos Cursos Superiores. <strong><a href=\"https:\/\/www.youtube.com\/watch?v=1TaVjdk1j9M\">Clique aqui <\/a><\/strong>para acessar a sala. <\/p>\n\n\n\n<hr class=\"wp-block-separator\" \/>\n\n\n\n<p><strong>19\/11 \u2013 Quinta Feira<\/strong><\/p>\n\n\n\n<p><strong>Hor\u00e1rio: 9h &#8211;<\/strong> Treinamento Plataforma Moodle para todos os Estudantes dos Cursos T\u00e9cnicos Integrados e Subsequentes. <strong><a href=\"https:\/\/www.youtube.com\/watch?v=DeWwLsIavmA\">Clique aqui<\/a><\/strong> para acessar a sala.<\/p>\n\n\n\n<p><strong>Hor\u00e1rio: 19h<\/strong> &#8211; Treinamento Plataforma Moodle\u00a0 para todos os Estudantes dos Cursos Superiores <strong><a href=\"https:\/\/www.youtube.com\/watch?v=W7V8NsAnZCM\">Clique aqui<\/a><\/strong> para acessar a sala.<\/p>\n\n\n\n<hr class=\"wp-block-separator\" \/>\n\n\n\n<p><strong>20\/11 \u2013 Sexta Feira<\/strong><\/p>\n\n\n\n<p><strong>Hor\u00e1rio: 9h &#8211; <\/strong>Treinamento Plataforma Teams para todos os Estudantes dos cursos t\u00e9cnicos Integrados e Subsequentes. <strong><a href=\"https:\/\/www.youtube.com\/watch?v=Md2yldRoHDc\">Clique aqui<\/a><\/strong> para acessar a sala.<\/p>\n\n\n\n<p><strong>Hor\u00e1rio: 19h<\/strong> &#8211; Treinamento Plataforma Teams para todos os Estudantes dos Cursos Superiores. <strong><a href=\"https:\/\/www.youtube.com\/watch?v=IRYxIFZfV48\">Clique aqui<\/a><\/strong> para acessar a sala.<\/p>\n\n\n\n<hr class=\"wp-block-separator\" \/>\n\n\n\n<p><\/p>\n","protected":false},"excerpt":{"rendered":"<p>Ser\u00e1 uma Semana de Acolhimento e Ambienta\u00e7\u00e3o aos Estudantes do Campus<\/p>\n","protected":false},"author":86,"featured_media":0,"comment_status":"closed","ping_status":"closed","sticky":false,"template":"","format":"standard","meta":[],"categories":[4,12,13,5,57],"tags":[],"_links":{"self":[{"href":"https:\/\/www.ifbaiano.edu.br\/unidades\/santaines\/wp-json\/wp\/v2\/posts\/14285"}],"collection":[{"href":"https:\/\/www.ifbaiano.edu.br\/unidades\/santaines\/wp-json\/wp\/v2\/posts"}],"about":[{"href":"https:\/\/www.ifbaiano.edu.br\/unidades\/santaines\/wp-json\/wp\/v2\/types\/post"}],"author":[{"embeddable":true,"href":"https:\/\/www.ifbaiano.edu.br\/unidades\/santaines\/wp-json\/wp\/v2\/users\/86"}],"replies":[{"embeddable":true,"href":"https:\/\/www.ifbaiano.edu.br\/unidades\/santaines\/wp-json\/wp\/v2\/comments?post=14285"}],"version-history":[{"count":17,"href":"https:\/\/www.ifbaiano.edu.br\/unidades\/santaines\/wp-json\/wp\/v2\/posts\/14285\/revisions"}],"predecessor-version":[{"id":14323,"href":"https:\/\/www.ifbaiano.edu.br\/unidades\/santaines\/wp-json\/wp\/v2\/posts\/14285\/revisions\/14323"}],"wp:attachment":[{"href":"https:\/\/www.ifbaiano.edu.br\/unidades\/santaines\/wp-json\/wp\/v2\/media?parent=14285"}],"wp:term":[{"taxonomy":"category","embeddable":true,"href":"https:\/\/www.ifbaiano.edu.br\/unidades\/santaines\/wp-json\/wp\/v2\/categories?post=14285"},{"taxonomy":"post_tag","embeddable":true,"href":"https:\/\/www.ifbaiano.edu.br\/unidades\/santaines\/wp-json\/wp\/v2\/tags?post=14285"}],"curies":[{"name":"wp","href":"https:\/\/api.w.org\/{rel}","templated":true}]}}