{"id":14327,"date":"2020-11-18T09:37:39","date_gmt":"2020-11-18T12:37:39","guid":{"rendered":"https:\/\/www.ifbaiano.edu.br\/unidades\/santaines\/?p=14327"},"modified":"2020-11-18T09:37:39","modified_gmt":"2020-11-18T12:37:39","slug":"if-baiano-disponibiliza-biblioteca-virtual-pearson-a-estudantes-e-servidores","status":"publish","type":"post","link":"https:\/\/www.ifbaiano.edu.br\/unidades\/santaines\/if-baiano-disponibiliza-biblioteca-virtual-pearson-a-estudantes-e-servidores\/","title":{"rendered":"IF Baiano disponibiliza Biblioteca Virtual Pearson a estudantes e servidores"},"content":{"rendered":"\n<p>O IF Baiano assinou sua primeira biblioteca digital com a empresa Biblioteca Virtual (BV) Universit\u00e1ria \u2013 Pearson, permitindo o acesso da comunidade acad\u00eamica a mais de 9.300 e-books de diversas \u00e1reas do conhecimento, atualizados e disponibilizados 7 dias por semana, durante 24h por dia.<\/p>\n\n\n\n<p>A assinatura \u00e9 um projeto da Diretoria de Educa\u00e7\u00e3o a Dist\u00e2ncia (DEaD), iniciado em agosto de 2019, com o objetivo de ampliar o acesso \u00e0 informa\u00e7\u00e3o aos estudantes do IF Baiano, principalmente aos alunos da EaD, pois muitos n\u00e3o t\u00eam acesso \u00e0s bibliotecas f\u00edsicas do Instituto. Segundo o diretor de Educa\u00e7\u00e3o a Dist\u00e2ncia, Ant\u00f4nio Carlos S. C. de Souza (Thonny Hawany), a concretiza\u00e7\u00e3o desse projeto em 2020 veio em um momento oportuno, diante da suspens\u00e3o de atividades presenciais e implanta\u00e7\u00e3o do ensino remoto, por conta da pandemia.<\/p>\n\n\n\n<p>\u201cEstamos vivendo um momento excepcional causado pela pandemia da Covid-19 e a cria\u00e7\u00e3o da primeira Biblioteca Virtual do IF Baiano veio para contribuir com a execu\u00e7\u00e3o das atividades pedag\u00f3gicas n\u00e3o presenciais. A BV ser\u00e1 uma excelente ferramenta para a manuten\u00e7\u00e3o do afastamento social, a preserva\u00e7\u00e3o da sa\u00fade individual e coletiva e, acima de tudo, a garantia do ensino e da aprendizagem\u201d, afirma o diretor.<\/p>\n\n\n\n<p>A bibliotec\u00e1ria da EaD, que est\u00e1 \u00e0 frente da implanta\u00e7\u00e3o da BV, \u00c9rica Brand\u00e3o Silva Alc\u00e2ntara, destaca que, al\u00e9m de as bibliotecas estarem oferecendo um novo servi\u00e7o para a comunidade, a Biblioteca Virtual ser\u00e1 de grande import\u00e2ncia tamb\u00e9m no momento de avalia\u00e7\u00e3o de cursos pelo MEC. \u00c9rica pontua ainda que \u201cesse novo servi\u00e7o disp\u00f5e de acervo digital que complementar\u00e1 os acervos das bibliotecas f\u00edsicas, n\u00e3o \u00e9 uma substitui\u00e7\u00e3o de uma biblioteca por outra, mas a complementa\u00e7\u00e3o de acervos\u201d.<\/p>\n\n\n\n<p>Para acessar a Biblioteca Virtual da Pearson \u00e9 necess\u00e1rio estar cadastrado no&nbsp;<a href=\"http:\/\/pergamum.ifbaiano.edu.br\/\">Sistema Pergamum<\/a>&nbsp;(Sistema de gerenciamento do acervo das Bibliotecas do IF Baiano). Caso n\u00e3o possuam cadastro no Pergamum, os discentes e servidores devem entrar em contato com a biblioteca do seu&nbsp;<em>campus&nbsp;<\/em>(e-mails dispon\u00edveis no final da mat\u00e9ria). No caso de alunos e servidores da EaD, o contato ser\u00e1 com o Setor Biblioteca da EaD atrav\u00e9s do e-mail biblioteca@ead.ifbaiano.edu.br, j\u00e1 os servidores da reitoria devem entrar em contato atrav\u00e9s do e-mail bibliotecavirtual@reitoria.ifbaiano.edu.br.<\/p>\n\n\n\n<p>Para apresentar as funcionalidades da Biblioteca Virtual \u00e0 comunidade, est\u00e3o sendo realizados treinamentos. O primeiro deles foi com bibliotec\u00e1rios e auxiliares de bibliotecas, na \u00faltima quinta-feira (12). O pr\u00f3ximo treinamento ser\u00e1 com os profissionais da educa\u00e7\u00e3o (TAE\u2019s, Docentes e Terceirizados), no dia 18 de novembro \u00e0s 16h,&nbsp;<a href=\"https:\/\/youtu.be\/n0fGhUz2LaU\">neste link<\/a>. Dia 19, \u00e0s 16h, ser\u00e1 a vez dos estudantes serem treinados em transmiss\u00e3o via Youtube,&nbsp;<a href=\"https:\/\/youtu.be\/MBJvSA3aSz8\">neste link<\/a>.<\/p>\n\n\n\n<p>A BV pode ser acessada na vers\u00e3o aplicativo para dispositivos m\u00f3veis (smartphones e tablets).<\/p>\n\n\n\n<p><strong>Funcionalidades:<\/strong><\/p>\n\n\n\n<ul><li>cart\u00f5es de estudo;<\/li><li>metas de leitura;<\/li><li>defini\u00e7\u00e3o por \u00e1reas de estudo de prefer\u00eancia;<\/li><li><em>text to speech<\/em>&nbsp;(ferramenta de acessibilidade integrada);<\/li><li>marca\u00e7\u00e3o de texto, p\u00e1ginas e anota\u00e7\u00f5es;<\/li><li>listas de leitura.<\/li><\/ul>\n\n\n\n<p><strong>Confira os e-mails para cadastro e d\u00favidas por campus:<\/strong><\/p>\n\n\n\n<p><strong>Alagoinhas<\/strong><br>Ana Sara Pereira de Melo Sobral<br>biblioteca@alagoinhas.ifbaiano.edu.br<\/p>\n\n\n\n<p><strong>Bom Jesus da Lapa<\/strong><br>Simone Velame da Silva Rios<br>biblioteca@lapa.ifbaiano.edu.br<\/p>\n\n\n\n<p><strong>Catu<\/strong><br>Ana Paula Santos Ribeiro<br>biblioteca@catu.ifbaiano.edu.br<\/p>\n\n\n\n<p><strong>Governador Mangabeira<\/strong><br>Anderson Silva da Rocha<br>biblioteca@gm.ifbaiano.edu.br<\/p>\n\n\n\n<p><strong>Guanambi<\/strong><br>Fabiana Arcanja dos Santos<br>Roberta Pinheiro Ferraz<br>biblioteca@guanambi.ifbaiano.edu.br<\/p>\n\n\n\n<p><strong>Itaberaba<\/strong><br>Josilene Freitas<br>josilene.freitas@ifbaiano.edu.br<\/p>\n\n\n\n<p><strong>Itapetinga<\/strong><br>Jairo Santos<br>Mar\u00edlia Lessa dos Santos<br>biblioteca@itapetinga.ifbaiano.edu.br<\/p>\n\n\n\n<p><strong>Santa In\u00eas<\/strong><br>Jessica Ferreira Lima<br>Monica Souza Brito<br>stb@si.ifbaiano.edu.br<\/p>\n\n\n\n<p><strong>Senhor do Bonfim<\/strong><br>Catiane Santos de Almeida Bittencourt<br>Maria de F\u00e1tima Santos de Lima<br>biblioteca@bonfim.ifbaiano.edu.br<\/p>\n\n\n\n<p><strong>Serrinha<\/strong><br>Diana Paula de Oliveira Assis<br>Ricardo Santos do Carmo Reis<br>Uillis de Assis Santos<br>biblioteca@serrinhaifbaiano.edu.br<\/p>\n\n\n\n<p><strong>Teixeira de Freitas<\/strong><br>Ronald Tavares Leao Moret<br>biblioteca@teixeira.ifbaiano.edu.br<\/p>\n\n\n\n<p><strong>Uru\u00e7uca<\/strong><br>Patr\u00edcia da Silva Santos<br>patricia.ssantos@ifbaiano.edu.br<\/p>\n\n\n\n<p><strong>Valen\u00e7a<\/strong><br>Joice Maria de Assis Jesus Dias<br>biblioteca@valenca.ifbaiano.edu.br<\/p>\n\n\n\n<p><strong>Xique-Xique<\/strong><br>Marilina de Ara\u00fajo Oliveira Bastos<br>biblioteca@xique-xique.ifbaiano.edu.br<\/p>\n\n\n\n<p><strong>Biblioteca da EaD<\/strong><br>\u00c9rica Brand\u00e3o Silva Alc\u00e2ntara<br>biblioteca@ead.ifbaiano.edu.br<\/p>\n\n\n\n<hr class=\"wp-block-separator\" \/>\n\n\n\n<p>Mat\u00e9ria ASCOM dispon\u00edvel em: https:\/\/ifbaiano.edu.br\/portal\/blog\/if-baiano-disponibiliza-biblioteca-virtual-da-pearson-a-estudantes-e-servidores\/<\/p>\n","protected":false},"excerpt":{"rendered":"<p>.<\/p>\n","protected":false},"author":86,"featured_media":14328,"comment_status":"closed","ping_status":"closed","sticky":false,"template":"","format":"standard","meta":[],"categories":[4,5,57],"tags":[],"_links":{"self":[{"href":"https:\/\/www.ifbaiano.edu.br\/unidades\/santaines\/wp-json\/wp\/v2\/posts\/14327"}],"collection":[{"href":"https:\/\/www.ifbaiano.edu.br\/unidades\/santaines\/wp-json\/wp\/v2\/posts"}],"about":[{"href":"https:\/\/www.ifbaiano.edu.br\/unidades\/santaines\/wp-json\/wp\/v2\/types\/post"}],"author":[{"embeddable":true,"href":"https:\/\/www.ifbaiano.edu.br\/unidades\/santaines\/wp-json\/wp\/v2\/users\/86"}],"replies":[{"embeddable":true,"href":"https:\/\/www.ifbaiano.edu.br\/unidades\/santaines\/wp-json\/wp\/v2\/comments?post=14327"}],"version-history":[{"count":1,"href":"https:\/\/www.ifbaiano.edu.br\/unidades\/santaines\/wp-json\/wp\/v2\/posts\/14327\/revisions"}],"predecessor-version":[{"id":14329,"href":"https:\/\/www.ifbaiano.edu.br\/unidades\/santaines\/wp-json\/wp\/v2\/posts\/14327\/revisions\/14329"}],"wp:featuredmedia":[{"embeddable":true,"href":"https:\/\/www.ifbaiano.edu.br\/unidades\/santaines\/wp-json\/wp\/v2\/media\/14328"}],"wp:attachment":[{"href":"https:\/\/www.ifbaiano.edu.br\/unidades\/santaines\/wp-json\/wp\/v2\/media?parent=14327"}],"wp:term":[{"taxonomy":"category","embeddable":true,"href":"https:\/\/www.ifbaiano.edu.br\/unidades\/santaines\/wp-json\/wp\/v2\/categories?post=14327"},{"taxonomy":"post_tag","embeddable":true,"href":"https:\/\/www.ifbaiano.edu.br\/unidades\/santaines\/wp-json\/wp\/v2\/tags?post=14327"}],"curies":[{"name":"wp","href":"https:\/\/api.w.org\/{rel}","templated":true}]}}