{"id":14362,"date":"2020-11-19T13:34:59","date_gmt":"2020-11-19T16:34:59","guid":{"rendered":"https:\/\/www.ifbaiano.edu.br\/unidades\/santaines\/?p=14362"},"modified":"2020-11-19T13:34:59","modified_gmt":"2020-11-19T16:34:59","slug":"institutos-federais-do-nordeste-promovem-congresso-sobre-educacao-hibrida","status":"publish","type":"post","link":"https:\/\/www.ifbaiano.edu.br\/unidades\/santaines\/institutos-federais-do-nordeste-promovem-congresso-sobre-educacao-hibrida\/","title":{"rendered":"Institutos Federais do Nordeste promovem congresso sobre educa\u00e7\u00e3o h\u00edbrida"},"content":{"rendered":"\n<p>O IF Baiano e demais Institutos Federais de Educa\u00e7\u00e3o, Ci\u00eancia e Tecnologia da regi\u00e3o nordeste (IF Sert\u00e3o-PE, IFPE, IFPB, IFAL, IFRN, IFMA, IFBA, IFCE, IFS e IFPI) realizam, do dia 14 a 16 de dezembro, o&nbsp;<strong>1\u00ba Congresso Nordestino de Educa\u00e7\u00e3o H\u00edbrida e Tecnologias Educacionais<\/strong>, com o tema \u201cEduca\u00e7\u00e3o H\u00edbrida \u2013 o caminho para o futuro\u201d.&nbsp;<\/p>\n\n\n\n<p>O evento \u00e9 online com transmiss\u00e3o pelo&nbsp;<a rel=\"noreferrer noopener\" href=\"https:\/\/www.youtube.com\/\" target=\"_blank\">YouTube<\/a>. A solenidade de abertura est\u00e1 marcada para \u00e0s 19h do dia 14 de dezembro e ter\u00e1 participa\u00e7\u00e3o dos reitores dos 11 Institutos Federais do Nordeste, seguida de palestra magna com o tema \u201cEduca\u00e7\u00e3o H\u00edbrida: o caminho para o futuro\u201d, com o professor Airton Ara\u00fajo de Souza J\u00fanior (IFRN).&nbsp;<\/p>\n\n\n\n<figure class=\"wp-block-image\"><img decoding=\"async\" src=\"https:\/\/ifbaiano.edu.br\/portal\/wp-content\/uploads\/2020\/11\/Congresso-EAD-inscries-abertas.jpeg\" alt=\"\" class=\"wp-image-18263\" \/><\/figure>\n\n\n\n<p>Durante os tr\u00eas dias de atividades ser\u00e3o realizadas mesas de discuss\u00e3o, palestras e apresenta\u00e7\u00e3o de trabalhos acad\u00eamicos, divididas em tr\u00eas eixos:&nbsp;<\/p>\n\n\n\n<p>Eixo 1 \u2013 Metodologias Ativas e Ensino H\u00edbrido<br>Eixo 2 \u2013 Tecnologia, pol\u00edtica, sociedade e cultura<br>Eixo 3 \u2013 Pr\u00e1ticas pedag\u00f3gicas no Ensino Remoto emergencial<\/p>\n\n\n\n<p>Confira a&nbsp;<a href=\"https:\/\/ifeventos.ifsertao-pe.edu.br\/public\/event\/375\/subevents\">programa\u00e7\u00e3o<\/a>&nbsp;completa e fa\u00e7a inscri\u00e7\u00e3o pela&nbsp;<a href=\"https:\/\/ifeventos.ifsertao-pe.edu.br\/public\/event\/375\">plataforma IFEventos<\/a>.&nbsp;<\/p>\n\n\n\n<p><strong>Fortalecimento dos novos formatos de ensino<\/strong><\/p>\n\n\n\n<p>Segundo o diretor de educa\u00e7\u00e3o a dist\u00e2ncia do IF Baiano, Thonny Hawany, a a\u00e7\u00e3o conjunta \u00e9 uma oportunidade para fortalecer e ampliar o conhecimento sobre Educa\u00e7\u00e3o a Dist\u00e2ncia e Educa\u00e7\u00e3o H\u00edbrida na Regi\u00e3o Nordeste. Al\u00e9m disso, \u201ca participa\u00e7\u00e3o do IF Baiano na organiza\u00e7\u00e3o e execu\u00e7\u00e3o do 1\u00ba Congresso Nordestino EaD abre portas para a troca de conhecimentos\u201d, afirma o diretor.\u00a0<\/p>\n\n\n\n<hr class=\"wp-block-separator\" \/>\n\n\n\n<p>Mat\u00e9ria ASCOM dispon\u00edvel em: https:\/\/ifbaiano.edu.br\/portal\/blog\/institutos-federais-do-nordeste-promovem-congresso-sobre-educacao-hibrida\/ <\/p>\n","protected":false},"excerpt":{"rendered":"<p>.<\/p>\n","protected":false},"author":86,"featured_media":14363,"comment_status":"closed","ping_status":"closed","sticky":false,"template":"","format":"standard","meta":[],"categories":[4,57],"tags":[],"_links":{"self":[{"href":"https:\/\/www.ifbaiano.edu.br\/unidades\/santaines\/wp-json\/wp\/v2\/posts\/14362"}],"collection":[{"href":"https:\/\/www.ifbaiano.edu.br\/unidades\/santaines\/wp-json\/wp\/v2\/posts"}],"about":[{"href":"https:\/\/www.ifbaiano.edu.br\/unidades\/santaines\/wp-json\/wp\/v2\/types\/post"}],"author":[{"embeddable":true,"href":"https:\/\/www.ifbaiano.edu.br\/unidades\/santaines\/wp-json\/wp\/v2\/users\/86"}],"replies":[{"embeddable":true,"href":"https:\/\/www.ifbaiano.edu.br\/unidades\/santaines\/wp-json\/wp\/v2\/comments?post=14362"}],"version-history":[{"count":1,"href":"https:\/\/www.ifbaiano.edu.br\/unidades\/santaines\/wp-json\/wp\/v2\/posts\/14362\/revisions"}],"predecessor-version":[{"id":14364,"href":"https:\/\/www.ifbaiano.edu.br\/unidades\/santaines\/wp-json\/wp\/v2\/posts\/14362\/revisions\/14364"}],"wp:featuredmedia":[{"embeddable":true,"href":"https:\/\/www.ifbaiano.edu.br\/unidades\/santaines\/wp-json\/wp\/v2\/media\/14363"}],"wp:attachment":[{"href":"https:\/\/www.ifbaiano.edu.br\/unidades\/santaines\/wp-json\/wp\/v2\/media?parent=14362"}],"wp:term":[{"taxonomy":"category","embeddable":true,"href":"https:\/\/www.ifbaiano.edu.br\/unidades\/santaines\/wp-json\/wp\/v2\/categories?post=14362"},{"taxonomy":"post_tag","embeddable":true,"href":"https:\/\/www.ifbaiano.edu.br\/unidades\/santaines\/wp-json\/wp\/v2\/tags?post=14362"}],"curies":[{"name":"wp","href":"https:\/\/api.w.org\/{rel}","templated":true}]}}