{"id":14367,"date":"2020-11-19T13:48:30","date_gmt":"2020-11-19T16:48:30","guid":{"rendered":"https:\/\/www.ifbaiano.edu.br\/unidades\/santaines\/?p=14367"},"modified":"2020-11-19T13:48:30","modified_gmt":"2020-11-19T16:48:30","slug":"taes-podem-requerer-afastamento-para-qualificacao-entre-18-e-27-de-novembro","status":"publish","type":"post","link":"https:\/\/www.ifbaiano.edu.br\/unidades\/santaines\/taes-podem-requerer-afastamento-para-qualificacao-entre-18-e-27-de-novembro\/","title":{"rendered":"TAEs podem requerer afastamento para qualifica\u00e7\u00e3o entre 18 e 27 de novembro"},"content":{"rendered":"\n<p>A primeira etapa da Chamada Interna para afastamento integral de servidores T\u00e9cnicos Administrativos em Educa\u00e7\u00e3o (TAEs) para participa\u00e7\u00e3o em Programa de P\u00f3s-gradua\u00e7\u00e3o Stricto Sensu receber\u00e1 inscri\u00e7\u00f5es de 18 a 27 de novembro. As inscri\u00e7\u00f5es s\u00e3o realizadas via Sistema Unificado de Administra\u00e7\u00e3o P\u00fablica (SUAP).&nbsp;<\/p>\n\n\n\n<p>Para requerer o afastamento, h\u00e1 uma s\u00e9rie de requisitos, listados&nbsp;<a href=\"https:\/\/concurso.ifbaiano.edu.br\/portal\/afastamento-pos-outubro-2020\/wp-content\/uploads\/sites\/372\/2020\/10\/Edital-120_2020-RET-GAB_RET_IFBAIANO.pdf\">no edital<\/a>. Entre eles, os servidores devem pertencer ao quadro efetivo do IF Baiano h\u00e1, pelo menos, tr\u00eas anos para mestrado, e quatro para doutorado e p\u00f3s-doutorado, inclu\u00eddo o per\u00edodo de est\u00e1gio probat\u00f3rio.<\/p>\n\n\n\n<p>O curso, para o qual o servidor dever\u00e1 ter sido aprovado, deve ter rela\u00e7\u00e3o direta com o ambiente organizacional de atua\u00e7\u00e3o do servidor, al\u00e9m de estar previsto no Plano de Desenvolvimento de Pessoas (PDP) do IF Baiano e estar alinhado ao desenvolvimento do servidor nas compet\u00eancias relativas ao seu \u00f3rg\u00e3o de exerc\u00edcio ou de lota\u00e7\u00e3o, \u00e0 sua carreira ou cargo efetivo e ao seu cargo em comiss\u00e3o ou \u00e0 sua fun\u00e7\u00e3o de confian\u00e7a. O projeto de pesquisa a ser desenvolvido durante o afastamento tamb\u00e9m dever\u00e1 estar alinhado \u00e0 \u00e1rea de atribui\u00e7\u00e3o do cargo do servidor.&nbsp;<\/p>\n\n\n\n<p>Acompanhe mais detalhes sobre vagas, requisitos, documenta\u00e7\u00e3o necess\u00e1ria para inscri\u00e7\u00e3o e cronograma completo&nbsp;<a href=\"https:\/\/concurso.ifbaiano.edu.br\/portal\/afastamento-pos-outubro-2020\/\">neste link<\/a>.<\/p>\n\n\n\n<p>A Chamada Interna para afastamento de docentes j\u00e1 est\u00e1 com prazo para inscri\u00e7\u00f5es correndo at\u00e9 20 de novembro, em primeira etapa de sele\u00e7\u00e3o. Acesse a Chamada para docentes\u00a0<a href=\"https:\/\/concurso.ifbaiano.edu.br\/portal\/afastamento-docente-novembro-2020\/\">aqui<\/a>.\u00a0<\/p>\n\n\n\n<hr class=\"wp-block-separator\" \/>\n\n\n\n<p>Mat\u00e9ria ASCOM dispon\u00edvel em: https:\/\/ifbaiano.edu.br\/portal\/blog\/servidores-taes-podem-requerer-afastamento-para-qualificacao-stricto-sensu-entre-18-e-27-de-novembro\/<\/p>\n","protected":false},"excerpt":{"rendered":"<p>A Chamada Interna \u00e9 para servidores aprovados em Programa de P\u00f3s-gradua\u00e7\u00e3o Stricto Sensu<\/p>\n","protected":false},"author":86,"featured_media":0,"comment_status":"closed","ping_status":"closed","sticky":false,"template":"","format":"standard","meta":[],"categories":[4,57],"tags":[],"_links":{"self":[{"href":"https:\/\/www.ifbaiano.edu.br\/unidades\/santaines\/wp-json\/wp\/v2\/posts\/14367"}],"collection":[{"href":"https:\/\/www.ifbaiano.edu.br\/unidades\/santaines\/wp-json\/wp\/v2\/posts"}],"about":[{"href":"https:\/\/www.ifbaiano.edu.br\/unidades\/santaines\/wp-json\/wp\/v2\/types\/post"}],"author":[{"embeddable":true,"href":"https:\/\/www.ifbaiano.edu.br\/unidades\/santaines\/wp-json\/wp\/v2\/users\/86"}],"replies":[{"embeddable":true,"href":"https:\/\/www.ifbaiano.edu.br\/unidades\/santaines\/wp-json\/wp\/v2\/comments?post=14367"}],"version-history":[{"count":1,"href":"https:\/\/www.ifbaiano.edu.br\/unidades\/santaines\/wp-json\/wp\/v2\/posts\/14367\/revisions"}],"predecessor-version":[{"id":14368,"href":"https:\/\/www.ifbaiano.edu.br\/unidades\/santaines\/wp-json\/wp\/v2\/posts\/14367\/revisions\/14368"}],"wp:attachment":[{"href":"https:\/\/www.ifbaiano.edu.br\/unidades\/santaines\/wp-json\/wp\/v2\/media?parent=14367"}],"wp:term":[{"taxonomy":"category","embeddable":true,"href":"https:\/\/www.ifbaiano.edu.br\/unidades\/santaines\/wp-json\/wp\/v2\/categories?post=14367"},{"taxonomy":"post_tag","embeddable":true,"href":"https:\/\/www.ifbaiano.edu.br\/unidades\/santaines\/wp-json\/wp\/v2\/tags?post=14367"}],"curies":[{"name":"wp","href":"https:\/\/api.w.org\/{rel}","templated":true}]}}