{"id":14385,"date":"2020-12-03T08:57:00","date_gmt":"2020-12-03T11:57:00","guid":{"rendered":"https:\/\/www.ifbaiano.edu.br\/unidades\/santaines\/?p=14385"},"modified":"2020-12-10T11:32:15","modified_gmt":"2020-12-10T14:32:15","slug":"campus-santa-ines-abre-inscricoes-para-bolsas-de-monitoria","status":"publish","type":"post","link":"https:\/\/www.ifbaiano.edu.br\/unidades\/santaines\/campus-santa-ines-abre-inscricoes-para-bolsas-de-monitoria\/","title":{"rendered":"Campus Santa In\u00eas abre inscri\u00e7\u00f5es para Bolsas de Monitoria"},"content":{"rendered":"\n<p>Estudantes dos cursos t\u00e9cnicos integrados e subsequente e de gradua\u00e7\u00e3o do Instituto Federal Baiano &#8211; Campus Santa In\u00eas poder\u00e3o se inscrever, no per\u00edodo de 24\/11\/2020, at\u00e9 \u00e0s 23h59min do dia 30\/11\/2020, para concorrerem a bolsas de monitoria remunerada. O processo seletivo, documentado no\u00a0<u><a href=\"https:\/\/www.ifbaiano.edu.br\/unidades\/santaines\/files\/2020\/11\/EDITAL-No-02-DE-24-DE-NOVEMBRO-DE-2020-MONITORIA.pdf\">Edital n\u00ba 02<\/a><\/u>, previa, inicialmente, o preenchimento de 12 vagas, sendo 07 destas, remuneradas, conforme o <a href=\"https:\/\/concurso.ifbaiano.edu.br\/portal\/monitoria-novembro-2020\/wp-content\/uploads\/sites\/375\/2020\/11\/Edital-n%C2%BA-143.pdf\">edital n\u00ba 143<\/a>.<\/p>\n\n\n\n<p>As inscri\u00e7\u00f5es ser\u00e3o EXCLUSIVAMENTE de forma eletr\u00f4nica. Para se inscrever, os interessados devem seguir dois passos: <\/p>\n\n\n\n<p>1 &#8211; preencher a ficha de inscri\u00e7\u00e3o eletr\u00f4nica disponibilizada por meio do link: <a href=\"https:\/\/forms.gle\/sBpofaP9NZTC7EqcA\">https:\/\/forms.gle\/sBpofaP9NZTC7EqcA<\/a> que ficar\u00e1 dispon\u00edvel no per\u00edodo de inscri\u00e7\u00f5es (do dia 24\/11\/2020, at\u00e9 \u00e0s 23h59min do dia 30\/11\/2020). <\/p>\n\n\n\n<p>2 &#8211; produzir um texto expositivo-argumentativo, a partir das seguintes quest\u00f5es orientadoras: a) motiva\u00e7\u00e3o para participa\u00e7\u00e3o na atividade de monitoria de ensino; b) interesse pela disciplina escolhida; c) rela\u00e7\u00e3o com a disciplina durante a vida escolar; d) participa\u00e7\u00e3o em trabalhos de equipe e atividades colaborativas; e) capacidade de lidar com situa\u00e7\u00f5es adversas e conflitos; f) facilidade de comunica\u00e7\u00e3o e intera\u00e7\u00e3o. Essas informa\u00e7\u00f5es dever\u00e3o ser redigidas e inseridas no pr\u00f3prio formul\u00e1rio de inscri\u00e7\u00e3o, em campo pr\u00f3prio. O texto solicitado constitui um pr\u00e9-requisito do processo seletivo.<\/p>\n\n\n\n<p>O processo seletivo consiste em tr\u00eas etapas: a primeira se refere \u00e0 An\u00e1lise do Hist\u00f3rico Escolar; a segunda fase consiste na pontua\u00e7\u00e3o pela Participa\u00e7\u00e3o em Programa de Monitoria em semestres anteriores, na condi\u00e7\u00e3o de estudante volunt\u00e1rio; e a terceira em Nota atribu\u00edda pela comiss\u00e3o e docente orientador \u00e0 justificativa de participa\u00e7\u00e3o no programa (conforme barema dispon\u00edvel no edital). Todas as etapas seguem crit\u00e9rios de sele\u00e7\u00e3o que podem ser conferidos no&nbsp;<u><a href=\"https:\/\/www.ifbaiano.edu.br\/unidades\/santaines\/files\/2020\/11\/EDITAL-No-02-DE-24-DE-NOVEMBRO-DE-2020-MONITORIA.pdf\">Edital n\u00ba 02<\/a><\/u>.<\/p>\n\n\n\n<p>As bolsas de monitoria s\u00e3o no valor de R$100 mensais. Para participar, os interessados devem estar com matr\u00edcula e frequ\u00eancia regular nos cursos do IF Baiano \u2013 <em>Campus<\/em> Santa In\u00eas, observados os pr\u00e9-requisitos no item 4 do edital, para cada vaga disponibilizada no item 5 do mesmo Edital ou publicada durante o per\u00edodo de inscri\u00e7\u00e3o dos discentes, no site do Campus.<\/p>\n\n\n\n<p><strong>Veja os anexos e documentos referentes ao edital:<\/strong><\/p>\n\n\n\n<ul><li><a href=\"https:\/\/www.ifbaiano.edu.br\/unidades\/santaines\/files\/2020\/11\/ANEXO-I-LISTA-DE-FREQUENCIA.pdf\">Anexo I- Lista de Frequ\u00eancia<\/a><\/li><li><a href=\"https:\/\/www.ifbaiano.edu.br\/unidades\/santaines\/files\/2020\/11\/ANEXO-II-RELATORIO-FINAL-MONITORIA.pdf\">Anexo II &#8211; Relat\u00f3rio Final Monitoria<\/a><\/li><li><a href=\"https:\/\/www.ifbaiano.edu.br\/unidades\/santaines\/files\/2020\/11\/ANEXO-III-BAREMAS-DE-ANALISE-DO-PROCESSO-SELETIVO.pdf\">Anexo III &#8211; Baremas de An\u00e1lise do Processo Seletivo<\/a><\/li><li><a href=\"https:\/\/www.ifbaiano.edu.br\/unidades\/santaines\/files\/2020\/11\/ANEXO-IV-FICHA-DE-CADASTRAMENTO-DE-MONITORA.pdf\">Anexo IV &#8211; Ficha de Cadastramento de Monitor(a)<\/a><\/li><li><a href=\"https:\/\/www.ifbaiano.edu.br\/unidades\/santaines\/files\/2020\/11\/ANEXO-V-TERMO-DE-COMPROMISSO-DOA-MONITORA.pdf\">Anexo V &#8211; Termo de Compromisso do(a) Monitor(a)<\/a><\/li><li><a href=\"https:\/\/www.ifbaiano.edu.br\/unidades\/santaines\/files\/2020\/11\/Quadro-de-vagas-_-Atualizado-25.11.pdf\">Quadro de Vagas &#8211; Atualizado 25\/11\/2020<\/a>  <\/li><li><a href=\"https:\/\/www.ifbaiano.edu.br\/unidades\/santaines\/files\/2020\/11\/Quadro-de-vagas-Atualizado-27.11.pdf\">Quadro de Vagas &#8211; Atualizado 27\/11\/2020<\/a><\/li><li><a href=\"http:\/\/Homologa\u00e7\u00e3o das inscricoes - Monitoria 2020\">Homologa\u00e7\u00e3o das Inscri\u00e7\u00f5es<\/a><\/li><li><a href=\"https:\/\/www.ifbaiano.edu.br\/unidades\/santaines\/files\/2020\/12\/Resultado-recurso-homologacao.pdf\">Resultado dos Recursos &#8211; Homologa\u00e7\u00e3o das Inscri\u00e7\u00f5es<\/a><\/li><li><a href=\"https:\/\/www.ifbaiano.edu.br\/unidades\/santaines\/files\/2020\/12\/Resultados-Parciais-Monitoria-2020.pdf\">Resultado Preliminar de Classifica\u00e7\u00e3o<\/a><\/li><li><a href=\"https:\/\/www.ifbaiano.edu.br\/unidades\/santaines\/files\/2020\/12\/Retificacao-edital-02.2020.pdf\">Retifica\u00e7\u00e3o do Edital<\/a><\/li><li><a href=\"https:\/\/www.ifbaiano.edu.br\/unidades\/santaines\/files\/2020\/12\/Resultado-Preliminar_Monitoria.pdf\">Resultado Preliminar de Classifica\u00e7\u00e3o<\/a><\/li><li><a href=\"https:\/\/www.ifbaiano.edu.br\/unidades\/santaines\/files\/2020\/12\/Resultado-recurso-parciais_Monitoria_Edital-02_2020.pdf\">Recursos Preliminar contra Resultado<\/a><\/li><li><a href=\"https:\/\/www.ifbaiano.edu.br\/unidades\/santaines\/files\/2020\/12\/Resultado-Final_Monitoria_-Edital-02_2020.pdf\">Resultado Final<\/a><\/li><\/ul>\n\n\n\n<p>O(a) candidato(a) classificado(a), no momento da convoca\u00e7\u00e3o, dever\u00e1 apresentar a disponibilidade de hor\u00e1rio compat\u00edvel com a demanda. Caso n\u00e3o possua disponibilidade, ser\u00e1 convocado o(a) pr\u00f3ximo(a) candidato(a) classificado(a), com hor\u00e1rio compat\u00edvel, para assumir a vaga.<\/p>\n\n\n\n<p>Conforme prev\u00ea o edital, poder\u00e3o ser interpostos recursos ao resultado preliminar, entre os dias 01 e 02\/12\/2020, per\u00edodo descrito no<br>cronograma. Para Recurso contra a Homologa\u00e7\u00e3o das inscri\u00e7\u00f5es, os interessados precisam acessar&nbsp;<a href=\"https:\/\/docs.google.com\/forms\/d\/e\/1FAIpQLSelxyRX2ZkjzA-Z8dsaB9ulEpKF_I8-93gJD-FNXOfrpZBigg\/viewform\">o endere\u00e7o<\/a>&nbsp;e efetuar o preenchimento de formul\u00e1rio eletr\u00f4nico espec\u00edfico.<\/p>\n\n\n\n<hr class=\"wp-block-separator\" \/>\n\n\n\n<p><\/p>\n","protected":false},"excerpt":{"rendered":"<p>Estudantes dos cursos t\u00e9cnicos integrados e subsequente e de gradua\u00e7\u00e3o do Instituto Federal Baiano &#8211; Campus Santa In\u00eas poder\u00e3o se inscrever, no per\u00edodo de 24\/11\/2020, at\u00e9 \u00e0s 23h59min do dia 30\/11\/2020, para concorrerem a bolsas de monitoria remunerada. O processo seletivo, documentado no\u00a0Edital n\u00ba 02, previa, inicialmente, o preenchimento de 12 vagas, sendo 07 destas, [&hellip;]<\/p>\n","protected":false},"author":86,"featured_media":0,"comment_status":"closed","ping_status":"closed","sticky":false,"template":"","format":"standard","meta":[],"categories":[4,38,5,8,57],"tags":[],"_links":{"self":[{"href":"https:\/\/www.ifbaiano.edu.br\/unidades\/santaines\/wp-json\/wp\/v2\/posts\/14385"}],"collection":[{"href":"https:\/\/www.ifbaiano.edu.br\/unidades\/santaines\/wp-json\/wp\/v2\/posts"}],"about":[{"href":"https:\/\/www.ifbaiano.edu.br\/unidades\/santaines\/wp-json\/wp\/v2\/types\/post"}],"author":[{"embeddable":true,"href":"https:\/\/www.ifbaiano.edu.br\/unidades\/santaines\/wp-json\/wp\/v2\/users\/86"}],"replies":[{"embeddable":true,"href":"https:\/\/www.ifbaiano.edu.br\/unidades\/santaines\/wp-json\/wp\/v2\/comments?post=14385"}],"version-history":[{"count":18,"href":"https:\/\/www.ifbaiano.edu.br\/unidades\/santaines\/wp-json\/wp\/v2\/posts\/14385\/revisions"}],"predecessor-version":[{"id":14535,"href":"https:\/\/www.ifbaiano.edu.br\/unidades\/santaines\/wp-json\/wp\/v2\/posts\/14385\/revisions\/14535"}],"wp:attachment":[{"href":"https:\/\/www.ifbaiano.edu.br\/unidades\/santaines\/wp-json\/wp\/v2\/media?parent=14385"}],"wp:term":[{"taxonomy":"category","embeddable":true,"href":"https:\/\/www.ifbaiano.edu.br\/unidades\/santaines\/wp-json\/wp\/v2\/categories?post=14385"},{"taxonomy":"post_tag","embeddable":true,"href":"https:\/\/www.ifbaiano.edu.br\/unidades\/santaines\/wp-json\/wp\/v2\/tags?post=14385"}],"curies":[{"name":"wp","href":"https:\/\/api.w.org\/{rel}","templated":true}]}}