{"id":14393,"date":"2020-11-24T17:59:35","date_gmt":"2020-11-24T20:59:35","guid":{"rendered":"https:\/\/www.ifbaiano.edu.br\/unidades\/santaines\/?p=14393"},"modified":"2020-11-24T18:04:09","modified_gmt":"2020-11-24T21:04:09","slug":"inscricoes-abertas-para-o-10-simposio-brasileiro-de-educacao-em-solos","status":"publish","type":"post","link":"https:\/\/www.ifbaiano.edu.br\/unidades\/santaines\/inscricoes-abertas-para-o-10-simposio-brasileiro-de-educacao-em-solos\/","title":{"rendered":"Inscri\u00e7\u00f5es abertas para o 10\u00b0 Simp\u00f3sio Brasileiro de Educa\u00e7\u00e3o em Solos"},"content":{"rendered":"\n<p>O Instituto Federal Baiano \u00e9 uma das institui\u00e7\u00f5es parceiras na organiza\u00e7\u00e3o da d\u00e9cima edi\u00e7\u00e3o do&nbsp;<strong><a rel=\"noreferrer noopener\" href=\"http:\/\/www.xsbes.com.br\/#\" target=\"_blank\">Simp\u00f3sio Brasileiro de Educa\u00e7\u00e3o em Solos<\/a><\/strong>, evento promovido pela Sociedade Brasileira de Ci\u00eancia do Solo (SBCS). Est\u00e3o abertas inscri\u00e7\u00f5es para participa\u00e7\u00e3o, para sele\u00e7\u00e3o de monitores discentes e para submiss\u00e3o de propostas de minicursos e mesas.&nbsp;<\/p>\n\n\n\n<p>Previsto para acontecer de 2 a 5 de mar\u00e7o de 2021, o evento \u00e9 um dos maiores da \u00e1rea de educa\u00e7\u00e3o em solos no pa\u00eds e tem como p\u00fablico-alvo docentes, t\u00e9cnicos, pesquisadores, extensionistas, representantes de movimentos sociais, empreendedores e estudantes do ensino b\u00e1sico, gradua\u00e7\u00e3o e p\u00f3s-gradua\u00e7\u00e3o.&nbsp;<\/p>\n\n\n\n<p>Esta \u00e9 primeira vez que institui\u00e7\u00f5es baianas ser\u00e3o anfitri\u00e3s do encontro, o qual, nos \u00faltimos quatro anos, foi realizado pela Universidade de S\u00e3o Paulo (USP). Nesta edi\u00e7\u00e3o, o N\u00facleo Nordeste da Sociedade Brasileira de Ci\u00eancia do Solo coordena as atividades e a realiza\u00e7\u00e3o fica a cargo da Universidade Federal do Vale do S\u00e3o Francisco,&nbsp;<em>Campus&nbsp;<\/em>Juazeiro\/BA, em parceria com o Instituto Federal Baiano,&nbsp;<em>Campus&nbsp;<\/em>Santa In\u00eas, e a Universidade Estadual de Santa Cruz (Uesc).<\/p>\n\n\n\n<p>\u201cO Simp\u00f3sio Brasileiro de Educa\u00e7\u00e3o em Solos \u00e9 o evento nacional mais importante da \u00e1rea e pela primeira vez acontecer\u00e1 na Bahia e de forma totalmente online. O evento ser\u00e1 uma oportunidade singular para conhecer e dialogar com diferentes vozes sobre a pr\u00e1xis da educa\u00e7\u00e3o em solos\u201d, afirma F\u00e1bio Nunes, docente do IF Baiano,\u00a0<em>Campus\u00a0<\/em>Santa In\u00eas, membro da Sociedade Brasileira de Ci\u00eancia dos Solos e vice-presidente da comiss\u00e3o organizadora do evento.\u00a0<\/p>\n\n\n\n<p><strong>Programa\u00e7\u00e3o<\/strong><\/p>\n\n\n\n<p>A&nbsp;<a href=\"http:\/\/www.xsbes.com.br\/programacao\">programa\u00e7\u00e3o<\/a>&nbsp;do evento inclui oficinas, minicursos, palestras e apresenta\u00e7\u00e3o de trabalhos. Uma das palestras ser\u00e1 ministrada pelo egresso do IF Baiano, Marco Antonio dos Santos, ex-aluno do curso de Licenciatura em Geografia do&nbsp;<em>Campus&nbsp;<\/em>Santa In\u00eas. A mesa-redonda \u201cCultura e aspectos afetivos: como se integram \u00e0 Educa\u00e7\u00e3o em Solos?\u201d ter\u00e1 a coordena\u00e7\u00e3o do professor F\u00e1bio Nunes. O evento tamb\u00e9m conta com o apoio do grupo de pesquisa do IF Baiano, \u201cParano\u00e1\u201d.&nbsp;<\/p>\n\n\n\n<p><strong>Sele\u00e7\u00e3o de monitores<\/strong><\/p>\n\n\n\n<p>Estudantes do IF Baiano e de outras institui\u00e7\u00f5es que tenham interesse em atuar na organiza\u00e7\u00e3o do evento podem se candidatar \u00e0 sele\u00e7\u00e3o de monitores. O&nbsp;<a href=\"http:\/\/www.xsbes.com.br\/selecao\">Edital<\/a>&nbsp;est\u00e1 com inscri\u00e7\u00f5es abertas at\u00e9 13 de dezembro de 2020 e tem 40 vagas dispon\u00edveis.<\/p>\n\n\n\n<p><strong>Propostas para minicursos e oficinas<\/strong>&nbsp;<\/p>\n\n\n\n<p>Tamb\u00e9m est\u00e3o abertas inscri\u00e7\u00f5es para o&nbsp;<a href=\"http:\/\/www.xsbes.com.br\/selecao2\">Edital<\/a>&nbsp;de Sele\u00e7\u00e3o de propostas de Minicursos e Oficinas. Podem submeter proposi\u00e7\u00f5es professores e estudantes de p\u00f3s-gradua\u00e7\u00e3o (mestrado e doutorado). O prazo vai at\u00e9 at\u00e9 29 de novembro de 2020.&nbsp;<\/p>\n\n\n\n<p><strong><a href=\"http:\/\/www.xsbes.com.br\/selecao\">Saiba mais no site do evento<\/a><\/strong><\/p>\n\n\n\n<hr class=\"wp-block-separator\" \/>\n\n\n\n<p>Mat\u00e9ria ASCOM dispon\u00edvel em: https:\/\/ifbaiano.edu.br\/portal\/blog\/inscricoes-abertas-para-o-10-simposio-brasileiro-de-educacao-em-solos\/<\/p>\n","protected":false},"excerpt":{"rendered":"<p>IF Baiano, Univasf e Uesc realizam o evento, promovido h\u00e1 26 anos pela Sociedade Brasileira de Ci\u00eancias do Solo (SBCS)<\/p>\n","protected":false},"author":86,"featured_media":0,"comment_status":"closed","ping_status":"closed","sticky":false,"template":"","format":"standard","meta":[],"categories":[4,57],"tags":[],"_links":{"self":[{"href":"https:\/\/www.ifbaiano.edu.br\/unidades\/santaines\/wp-json\/wp\/v2\/posts\/14393"}],"collection":[{"href":"https:\/\/www.ifbaiano.edu.br\/unidades\/santaines\/wp-json\/wp\/v2\/posts"}],"about":[{"href":"https:\/\/www.ifbaiano.edu.br\/unidades\/santaines\/wp-json\/wp\/v2\/types\/post"}],"author":[{"embeddable":true,"href":"https:\/\/www.ifbaiano.edu.br\/unidades\/santaines\/wp-json\/wp\/v2\/users\/86"}],"replies":[{"embeddable":true,"href":"https:\/\/www.ifbaiano.edu.br\/unidades\/santaines\/wp-json\/wp\/v2\/comments?post=14393"}],"version-history":[{"count":2,"href":"https:\/\/www.ifbaiano.edu.br\/unidades\/santaines\/wp-json\/wp\/v2\/posts\/14393\/revisions"}],"predecessor-version":[{"id":14395,"href":"https:\/\/www.ifbaiano.edu.br\/unidades\/santaines\/wp-json\/wp\/v2\/posts\/14393\/revisions\/14395"}],"wp:attachment":[{"href":"https:\/\/www.ifbaiano.edu.br\/unidades\/santaines\/wp-json\/wp\/v2\/media?parent=14393"}],"wp:term":[{"taxonomy":"category","embeddable":true,"href":"https:\/\/www.ifbaiano.edu.br\/unidades\/santaines\/wp-json\/wp\/v2\/categories?post=14393"},{"taxonomy":"post_tag","embeddable":true,"href":"https:\/\/www.ifbaiano.edu.br\/unidades\/santaines\/wp-json\/wp\/v2\/tags?post=14393"}],"curies":[{"name":"wp","href":"https:\/\/api.w.org\/{rel}","templated":true}]}}