{"id":14417,"date":"2020-12-16T06:03:01","date_gmt":"2020-12-16T09:03:01","guid":{"rendered":"https:\/\/www.ifbaiano.edu.br\/unidades\/santaines\/?p=14417"},"modified":"2021-03-26T10:09:41","modified_gmt":"2021-03-26T13:09:41","slug":"campus-santa-ines-lanca-edital-de-vagas-remanescentes-para-auxilios-de-inclusao-digital","status":"publish","type":"post","link":"https:\/\/www.ifbaiano.edu.br\/unidades\/santaines\/campus-santa-ines-lanca-edital-de-vagas-remanescentes-para-auxilios-de-inclusao-digital\/","title":{"rendered":"Campus Santa In\u00eas lan\u00e7a Edital de vagas remanescentes para Aux\u00edlios de Inclus\u00e3o Digital"},"content":{"rendered":"\n<p>O IF Baiano Campus Santa In\u00eas lan\u00e7a o&nbsp;<a href=\"https:\/\/www.ifbaiano.edu.br\/unidades\/santaines\/files\/2020\/11\/Edital-03-Auxilios-Inclusao-Digital_Vagas-Remanescentes.pdf\">Edital n\u00ba 03\/2020<\/a>, de vagas remanescentes, que estabelece as normas e crit\u00e9rios para sele\u00e7\u00e3o de estudantes em vulnerabilidade socioecon\u00f4mica, de cursos presenciais e \u00e0 dist\u00e2ncia, com a finalidade de participa\u00e7\u00e3o na Pol\u00edtica de Assist\u00eancia Estudantil do Instituto, por meio do PAISE.<\/p>\n\n\n\n<p>O Programa de Inclus\u00e3o Digital visa contribuir para o bem estar biopsicossocial, perman\u00eancia e \u00eaxito nas atividades acad\u00eamicas de estudantes em vulnerabilidade socioecon\u00f4mica, possibilitando que os mesmos tenham condi\u00e7\u00f5es m\u00ednimas de conectividade a fim de que possam frequentar as atividades pedag\u00f3gicas n\u00e3o presenciais (APNP).<\/p>\n\n\n\n<p>De acordo com o documento, O Aux\u00edlio de Inclus\u00e3o Digital Emergencial ser\u00e1 destinado aos(\u00e0s) estudantes regularmente matriculados(as) em cursos de Educa\u00e7\u00e3o Profissional T\u00e9cnica de N\u00edvel M\u00e9dio (integrado e subsequente), Ensino Superior, ou Educa\u00e7\u00e3o de Jovens e Adultos no IF Baiano, que n\u00e3o disponham de recursos pr\u00f3prios ou familiares para acessar de modo remoto as Atividades Pedag\u00f3gicas N\u00e3o Presenciais, em fun\u00e7\u00e3o da excepcionalidade da pandemia do novo Corona v\u00edrus (COVID19) e apenas enquanto essa situa\u00e7\u00e3o perdurar.<\/p>\n\n\n\n<p>O programa de inclus\u00e3o digital contemplar\u00e1 os seguintes aux\u00edlios: Aux\u00edlio Pacote de Dados, Aux\u00edlio Contrata\u00e7\u00e3o de Banda larga (wi-fi) e Aux\u00edlio Aquisi\u00e7\u00e3o e Manuten\u00e7\u00e3o de equipamento.<\/p>\n\n\n\n<p>A sele\u00e7\u00e3o dos estudantes se dar\u00e1 atrav\u00e9s de an\u00e1lise de inser\u00e7\u00e3o no CAD\u00daNICO do governo federal, seguindo os crit\u00e9rios estabelecidos no Decreto 7234\/10 e as inscri\u00e7\u00f5es ser\u00e3o recebidas pela Comiss\u00e3o Local de Assist\u00eancia Estudantil-CLAE, via e-mail <a href=\"mailto:clae@si.ifbaiano.edu.br\">clae.ifsi@gmail.com<\/a>, no per\u00edodo de 08 a 10 de dezembro de 2020, da forma estabelecida no edital.<\/p>\n\n\n\n<p>Confira os requisitos necess\u00e1rios para os aux\u00edlios, a documenta\u00e7\u00e3o exigida e mais detalhes da sele\u00e7\u00e3o no Edital. Em caso de d\u00favida, os interessados podem enviar e-mail para o endere\u00e7o <a href=\"mailto:clae@si.ifbaiano.edu.br\"><\/a><a href=\"mailto:clae@si.ifbaiano.edu.br\"><\/a><a href=\"mailto:clae@si.ifbaiano.edu.br\">clae.ifsi@gmail.com<\/a>.<\/p>\n\n\n\n<p>\u00c9 de inteira responsabilidade do(a) discente o compromisso com o envio dos documentos digitais, n\u00e3o podendo alegar falta de conectividade ou problemas t\u00e9cnicos que justifiquem a n\u00e3o inscri\u00e7\u00e3o ou a rejei\u00e7\u00e3o da mesma.<\/p>\n\n\n\n<hr class=\"wp-block-separator\" \/>\n\n\n\n<ul id=\"block-d30da850-8150-4b81-9830-4f3f578e1b6c\"><li><a href=\"https:\/\/www.ifbaiano.edu.br\/unidades\/santaines\/files\/2020\/11\/Edital-03-Auxilios-Inclusao-Digital_Vagas-Remanescentes.pdf\">EDITAL 03\/2020<\/a><\/li><li><a href=\"https:\/\/www.ifbaiano.edu.br\/unidades\/santaines\/files\/2020\/11\/Anexo-I-Edital-03-Auxilios-Inclusao-Digital_Vagas-Remanescentes.pdf\">DECLARA\u00c7\u00c3O &#8211; ANEXO I<\/a><\/li><li><a href=\"https:\/\/www.ifbaiano.edu.br\/unidades\/santaines\/files\/2020\/11\/Anexo-II-Edital-03-Auxilios-Inclusao-Digital_Vagas-Remanescentes.pdf\">DECLARA\u00c7\u00c3O &#8211; ANEXO II<\/a><\/li><li><a href=\"https:\/\/www.ifbaiano.edu.br\/unidades\/santaines\/files\/2020\/11\/Anexo-III-Edital-03-Auxilios-Inclusao-Digital_Vagas-Remanescentes.pdf\">DECLARA\u00c7\u00c3O &#8211; ANEXO III<\/a><\/li><li><a href=\"https:\/\/www.ifbaiano.edu.br\/unidades\/santaines\/files\/2021\/03\/ANEXO-IV_Edital-03_-Auxilio-Digital_RETIFICACAO.pdf\">ANEXO IV &#8211; RETIFICA\u00c7\u00c3O<\/a><\/li><\/ul>\n\n\n\n<hr class=\"wp-block-separator\" \/>\n\n\n\n<p>Segundo a Comiss\u00e3o local, <strong><a href=\"https:\/\/www.ifbaiano.edu.br\/unidades\/santaines\/files\/2020\/11\/AUXILIO-EMERGENCIAL-RENOVACAO-2020.pdf\">estudantes que recebem aux\u00edlio emergencial e que fizeram a renova\u00e7\u00e3o do cadastro em outubro de 2020<\/a><\/strong>, ao se inscreverem neste edital, s\u00f3 precisar\u00e3o enviar a(as) declara\u00e7\u00e3o(\u00f5es) (anexo I e\/ou Anexo II) exigida(s) pelo edital, sendo dispensados dos demais documentos.<\/p>\n\n\n\n<hr class=\"wp-block-separator\" \/>\n\n\n\n<p>Publica\u00e7\u00e3o das Listas dos pr\u00e9-selecionados para as Vagas Remanescentes referentes ao Edital 03\/2020 do Aux\u00edlio de Inclus\u00e3o Digital em Atendimento \u00e0s APNP&#8217;S:<\/p>\n\n\n\n<ul><li><a href=\"https:\/\/www.ifbaiano.edu.br\/unidades\/santaines\/files\/2020\/12\/DADOS-MOVEIS.pdf\">Pr\u00e9-Selecionados &#8211; Aux\u00edlio Pacote de Dados M\u00f3veis<\/a><\/li><li><a href=\"https:\/\/www.ifbaiano.edu.br\/unidades\/santaines\/files\/2020\/12\/EQUIPAMENTO.pdf\">Pr\u00e9-Selecionados &#8211; Aux\u00edlio Aquisi\u00e7\u00e3o e Manuten\u00e7\u00e3o de Equipamento<\/a><\/li><li><a href=\"https:\/\/www.ifbaiano.edu.br\/unidades\/santaines\/files\/2020\/12\/CONTRATACAO-E-AQUISICAO-DE-BANDA-LARGA.pdf\">Pr\u00e9-Selecionados &#8211; Aux\u00edlio Contrata\u00e7\u00e3o de Banda Larga (wi-fi)<\/a><\/li><\/ul>\n\n\n\n<p>Os recursos contra o resultado da sele\u00e7\u00e3o dever\u00e3o ser interpostos no dia&nbsp;17 de dezembro, atrav\u00e9s do e-mail:&nbsp;<a href=\"mailto:clae@si.ifbaiano.edu.br\">clae.ifsi@gmail.com<\/a>, at\u00e9 as 17h. Consultar o item 07 do <a href=\"https:\/\/www.ifbaiano.edu.br\/unidades\/santaines\/files\/2020\/11\/Edital-03-Auxilios-Inclusao-Digital_Vagas-Remanescentes.pdf\">Edital 03\/2020<\/a> para outros procedimentos.<\/p>\n\n\n\n<hr class=\"wp-block-separator\" \/>\n\n\n\n<p>Publica\u00e7\u00e3o das Listas definitivas dos(as) selecionados(as) para as Vagas Remanescentes referentes ao Edital 03\/2020 do Aux\u00edlio de Inclus\u00e3o Digital em Atendimento \u00e0s APNP&#8217;S:<\/p>\n\n\n\n<ul id=\"block-0b4a3695-7ab9-4f0e-b2ba-07d79585694b\"><li><a href=\"https:\/\/www.ifbaiano.edu.br\/unidades\/santaines\/files\/2020\/12\/PACOTE-DE-DADOS-MOVEIS.pdf\">Selecionados &#8211; Aux\u00edlio Pacote de Dados M\u00f3veis<\/a><\/li><li><a href=\"https:\/\/www.ifbaiano.edu.br\/unidades\/santaines\/files\/2020\/12\/AQUISICAO-DE-EQUIPAMENTO.pdf\">Selecionados &#8211; Aux\u00edlio Aquisi\u00e7\u00e3o e Manuten\u00e7\u00e3o de Equipamento<\/a><\/li><li><a href=\"https:\/\/www.ifbaiano.edu.br\/unidades\/santaines\/files\/2020\/12\/CONTRATACAO-DE-BANDA-LARGA.pdf\">Selecionados &#8211; Aux\u00edlio Contrata\u00e7\u00e3o de Banda Larga (wi-fi)<\/a><\/li><\/ul>\n\n\n\n<hr class=\"wp-block-separator\" \/>\n\n\n\n<p>Retifica\u00e7\u00e3o da lista definitiva da &nbsp;sele\u00e7\u00e3o de estudantes aos Aux\u00edlios de Inclus\u00e3o Digital em Atendimento \u00e0s APNP&#8217;S-Edital 03\/2020.<\/p>\n\n\n\n<ul id=\"block-f0bef2b5-4071-4448-bf23-b359fcdce434\"><li><a href=\"https:\/\/www.ifbaiano.edu.br\/unidades\/santaines\/files\/2020\/12\/PACOTE-DE-DADOS-MOVEIS-DEFINITIVA.pdf\">Selecionados &#8211; Aux\u00edlio Pacote de Dados M\u00f3veis &#8211; Lista Retificada<\/a><\/li><li><a href=\"https:\/\/www.ifbaiano.edu.br\/unidades\/santaines\/files\/2020\/12\/AQUISICAO-DE-EQUIPAMENTO-RETIFICADA.pdf\">Selecionados &#8211; Aux\u00edlio Aquisi\u00e7\u00e3o e Manuten\u00e7\u00e3o de Equipamento- Lista Retificada<\/a><\/li><li><a href=\"https:\/\/www.ifbaiano.edu.br\/unidades\/santaines\/files\/2020\/12\/CONTRATACAO-DE-BANDA-LARGA-RETIFICADA.pdf\">Selecionados &#8211; Aux\u00edlio Contrata\u00e7\u00e3o de Banda Larga (wi-fi) &#8211; Lista Retificada<\/a><\/li><\/ul>\n\n\n\n<hr class=\"wp-block-separator\" \/>\n\n\n\n<p><\/p>\n","protected":false},"excerpt":{"rendered":"<p>O per\u00edodo de Inscri\u00e7\u00e3o \u00e9 de 08 a 10 de dezembro de 2020<\/p>\n","protected":false},"author":86,"featured_media":14426,"comment_status":"closed","ping_status":"closed","sticky":false,"template":"","format":"standard","meta":[],"categories":[4,5,57],"tags":[],"_links":{"self":[{"href":"https:\/\/www.ifbaiano.edu.br\/unidades\/santaines\/wp-json\/wp\/v2\/posts\/14417"}],"collection":[{"href":"https:\/\/www.ifbaiano.edu.br\/unidades\/santaines\/wp-json\/wp\/v2\/posts"}],"about":[{"href":"https:\/\/www.ifbaiano.edu.br\/unidades\/santaines\/wp-json\/wp\/v2\/types\/post"}],"author":[{"embeddable":true,"href":"https:\/\/www.ifbaiano.edu.br\/unidades\/santaines\/wp-json\/wp\/v2\/users\/86"}],"replies":[{"embeddable":true,"href":"https:\/\/www.ifbaiano.edu.br\/unidades\/santaines\/wp-json\/wp\/v2\/comments?post=14417"}],"version-history":[{"count":17,"href":"https:\/\/www.ifbaiano.edu.br\/unidades\/santaines\/wp-json\/wp\/v2\/posts\/14417\/revisions"}],"predecessor-version":[{"id":14777,"href":"https:\/\/www.ifbaiano.edu.br\/unidades\/santaines\/wp-json\/wp\/v2\/posts\/14417\/revisions\/14777"}],"wp:featuredmedia":[{"embeddable":true,"href":"https:\/\/www.ifbaiano.edu.br\/unidades\/santaines\/wp-json\/wp\/v2\/media\/14426"}],"wp:attachment":[{"href":"https:\/\/www.ifbaiano.edu.br\/unidades\/santaines\/wp-json\/wp\/v2\/media?parent=14417"}],"wp:term":[{"taxonomy":"category","embeddable":true,"href":"https:\/\/www.ifbaiano.edu.br\/unidades\/santaines\/wp-json\/wp\/v2\/categories?post=14417"},{"taxonomy":"post_tag","embeddable":true,"href":"https:\/\/www.ifbaiano.edu.br\/unidades\/santaines\/wp-json\/wp\/v2\/tags?post=14417"}],"curies":[{"name":"wp","href":"https:\/\/api.w.org\/{rel}","templated":true}]}}