{"id":14480,"date":"2020-12-23T18:54:23","date_gmt":"2020-12-23T21:54:23","guid":{"rendered":"https:\/\/www.ifbaiano.edu.br\/unidades\/santaines\/?p=14480"},"modified":"2020-12-23T18:54:47","modified_gmt":"2020-12-23T21:54:47","slug":"campus-santa-ines-faz-selecao-de-bolsistas-para-o-programa-de-residencia-agricola","status":"publish","type":"post","link":"https:\/\/www.ifbaiano.edu.br\/unidades\/santaines\/campus-santa-ines-faz-selecao-de-bolsistas-para-o-programa-de-residencia-agricola\/","title":{"rendered":"Sele\u00e7\u00e3o de bolsistas para o Programa de Resid\u00eancia Agr\u00edcola"},"content":{"rendered":"\n<p>A sele\u00e7\u00e3o de Residentes do Curso T\u00e9cnico em Agropecu\u00e1ria vinculados ao PRONERA\/IF Baiano para o Programa Resid\u00eancia Agr\u00edcola fomentado pelo Minist\u00e9rio de Agricultura e do Abastecimento (MAPA) por meio do Projeto Cadeia Produtiva do Licuri ser\u00e1 feita em conformidade com o <a href=\"https:\/\/www.ifbaiano.edu.br\/unidades\/santaines\/files\/2020\/12\/Edital-No-04-2020-SELECAO-DE-BOLSISTAS-PARA-O-PROGRAMA-RESIDENCIA-AGRICOLA.pdf\">Edital n\u00ba 04\/2020.<\/a><\/p>\n\n\n\n<p>O Projeto Cadeia Produtiva do Licuri diz respeito \u00e0 instala\u00e7\u00e3o de Resid\u00eancia Agr\u00edcola com fomento do Minist\u00e9rio da Agricultura e do Abastecimento &#8211; MAPA com seis alunos do ensino m\u00e9dio, egressos do IF Baiano, que receber\u00e3o bolsa&nbsp; de&nbsp; R$900,00 (novecentos reais) por m\u00eas, durante decurso do Projeto.<\/p>\n\n\n\n<p>As inscri\u00e7\u00f5es no Processo Seletivo ser\u00e3o realizadas, no per\u00edodo de 07 a 14 de dezembro de 2020, via e-mail, at\u00e9 as 23 horas e 59 min do dia 14 de dezembro de 2020, pelo e-mail: <a href=\"mailto:efamontesanto@gmail.edu.br\" target=\"_blank\" rel=\"noreferrer noopener\">efamontesanto@gmail.com<\/a>, com nome completo do estudante os documentos com carta de inten\u00e7\u00e3o para ingresso na Resid\u00eancia Agr\u00edcola, anexa na forma pdf.<\/p>\n\n\n\n<p>A comiss\u00e3o n\u00e3o se responsabilizar\u00e1 por problemas t\u00e9cnicos que possam ocorrer e impe\u00e7am a inscri\u00e7\u00e3o por e-mail nos prazos estabelecidos.<\/p>\n\n\n\n<p>No ato da inscri\u00e7\u00e3o o candidato dever\u00e1 entregar ou enviar os seguintes documentos comprobat\u00f3rios, que servir\u00e3o para avalia\u00e7\u00e3o na 1\u00aa etapa:<\/p>\n\n\n\n<ul><li>C\u00f3pia do RG&nbsp; II &#8211; C\u00f3pia do CPF<\/li><li>Comprovante de Matr\u00edcula<\/li><li>Hist\u00f3rico escolar do Curso T\u00e9cnico em Agropecu\u00e1ria <\/li><li>Ficha de Inscri\u00e7\u00e3o preenchida e assinada (Anexo I)<\/li><li>Carta de Inten\u00e7\u00e3o com no m\u00e1ximo 30 linhas, digitalizada, fonte arial, tamanho 12, espa\u00e7amento 1,5, em pdf. <\/li><\/ul>\n\n\n\n<p>O residente dever\u00e1 desenvolver carga hor\u00e1ria de 40 (quarenta) horas semanais. <\/p>\n\n\n\n<p>A Resid\u00eancia ter\u00e1 dura\u00e7\u00e3o de 08 (oito) meses, condicionada \u00e0 avalia\u00e7\u00e3o individual que ser\u00e1 realizada pelo docente supervisor\/orientador. <\/p>\n\n\n\n<p>Findada a dura\u00e7\u00e3o da Resid\u00eancia, os estudantes apresentaram o relat\u00f3rio final.<\/p>\n\n\n\n<p>Todas as informa\u00e7\u00f5es constam no Edital e demais documentos publicados conforme previs\u00e3o:<\/p>\n\n\n\n<ul><li><a href=\"https:\/\/www.ifbaiano.edu.br\/unidades\/santaines\/files\/2020\/12\/Edital-No-04-2020-SELECAO-DE-BOLSISTAS-PARA-O-PROGRAMA-RESIDENCIA-AGRICOLA.pdf\">Edital n\u00ba 04\/2020<\/a><\/li><li><a href=\"https:\/\/www.ifbaiano.edu.br\/unidades\/santaines\/files\/2020\/12\/LISTA-CLASSIFICACAO_RESIDENCIA-AGRICOLA-1.pdf\">Quadro de Classificados (selecionados e suplentes)<\/a><\/li><li><a href=\"https:\/\/www.ifbaiano.edu.br\/unidades\/santaines\/files\/2020\/12\/LISTA-CLASSIFICACAO-FINAL_RESIDENCIA-PEDAGOGICA.pdf\">Quadro de Classificados Final (Selecionados e Suplentes)<\/a><\/li><\/ul>\n\n\n\n<hr class=\"wp-block-separator\" \/>\n\n\n\n<p><\/p>\n","protected":false},"excerpt":{"rendered":"<p>As inscri\u00e7\u00f5es no Processo Seletivo ser\u00e3o realizadas, no per\u00edodo de 07 a 14 de dezembro de 2020.<\/p>\n","protected":false},"author":86,"featured_media":14521,"comment_status":"closed","ping_status":"closed","sticky":false,"template":"","format":"standard","meta":[],"categories":[4,5,57],"tags":[],"_links":{"self":[{"href":"https:\/\/www.ifbaiano.edu.br\/unidades\/santaines\/wp-json\/wp\/v2\/posts\/14480"}],"collection":[{"href":"https:\/\/www.ifbaiano.edu.br\/unidades\/santaines\/wp-json\/wp\/v2\/posts"}],"about":[{"href":"https:\/\/www.ifbaiano.edu.br\/unidades\/santaines\/wp-json\/wp\/v2\/types\/post"}],"author":[{"embeddable":true,"href":"https:\/\/www.ifbaiano.edu.br\/unidades\/santaines\/wp-json\/wp\/v2\/users\/86"}],"replies":[{"embeddable":true,"href":"https:\/\/www.ifbaiano.edu.br\/unidades\/santaines\/wp-json\/wp\/v2\/comments?post=14480"}],"version-history":[{"count":12,"href":"https:\/\/www.ifbaiano.edu.br\/unidades\/santaines\/wp-json\/wp\/v2\/posts\/14480\/revisions"}],"predecessor-version":[{"id":14590,"href":"https:\/\/www.ifbaiano.edu.br\/unidades\/santaines\/wp-json\/wp\/v2\/posts\/14480\/revisions\/14590"}],"wp:featuredmedia":[{"embeddable":true,"href":"https:\/\/www.ifbaiano.edu.br\/unidades\/santaines\/wp-json\/wp\/v2\/media\/14521"}],"wp:attachment":[{"href":"https:\/\/www.ifbaiano.edu.br\/unidades\/santaines\/wp-json\/wp\/v2\/media?parent=14480"}],"wp:term":[{"taxonomy":"category","embeddable":true,"href":"https:\/\/www.ifbaiano.edu.br\/unidades\/santaines\/wp-json\/wp\/v2\/categories?post=14480"},{"taxonomy":"post_tag","embeddable":true,"href":"https:\/\/www.ifbaiano.edu.br\/unidades\/santaines\/wp-json\/wp\/v2\/tags?post=14480"}],"curies":[{"name":"wp","href":"https:\/\/api.w.org\/{rel}","templated":true}]}}