{"id":14526,"date":"2020-12-10T10:42:35","date_gmt":"2020-12-10T13:42:35","guid":{"rendered":"https:\/\/www.ifbaiano.edu.br\/unidades\/santaines\/?p=14526"},"modified":"2020-12-10T10:42:35","modified_gmt":"2020-12-10T13:42:35","slug":"campus-santa-ines-divulga-nota-informativa-sobre-estagio-curricular-supervisionado","status":"publish","type":"post","link":"https:\/\/www.ifbaiano.edu.br\/unidades\/santaines\/campus-santa-ines-divulga-nota-informativa-sobre-estagio-curricular-supervisionado\/","title":{"rendered":"Campus Santa In\u00eas divulga Nota Informativa sobre Est\u00e1gio Curricular Supervisionado"},"content":{"rendered":"\n<figure class=\"wp-block-image size-large\"><img decoding=\"async\" loading=\"lazy\" width=\"1425\" height=\"1000\" src=\"https:\/\/www.ifbaiano.edu.br\/unidades\/santaines\/files\/2020\/12\/Imagem1.png\" alt=\"\" class=\"wp-image-14528\" \/><\/figure>\n\n\n\n<p>O Diretor Geral do Campus Santa In\u00eas, Professor Abdon Santos Nogueira, publicou na data de hoje (10) a <a href=\"https:\/\/www.ifbaiano.edu.br\/unidades\/santaines\/files\/2020\/12\/Nota-Informativa-No-03-2020-Estagio.pdf\">Nota Informativa n\u00ba 03\/2020<\/a>, com o intuito de comunicar aos Servidores (as), Coordenadores (as) de Curso, Chefias de Setor\/N\u00facleo, Representa\u00e7\u00f5es Estudantis do IF Baiano Campus Santa In\u00eas e comunidade em geral  sobre a realiza\u00e7\u00e3o de Est\u00e1gio Curricular Supervisionado dos Cursos do IF Baiano Campus Santa In\u00eas.<\/p>\n\n\n\n<p><\/p>\n","protected":false},"excerpt":{"rendered":"<p>O Diretor Geral do Campus Santa In\u00eas, Professor Abdon Santos Nogueira, publicou na data de hoje (10) a Nota Informativa n\u00ba 03\/2020, com o intuito de comunicar aos Servidores (as), Coordenadores (as) de Curso, Chefias de Setor\/N\u00facleo, Representa\u00e7\u00f5es Estudantis do IF Baiano Campus Santa In\u00eas e comunidade em geral sobre a realiza\u00e7\u00e3o de Est\u00e1gio Curricular [&hellip;]<\/p>\n","protected":false},"author":86,"featured_media":0,"comment_status":"closed","ping_status":"closed","sticky":false,"template":"","format":"standard","meta":[],"categories":[4,7,10,57],"tags":[],"_links":{"self":[{"href":"https:\/\/www.ifbaiano.edu.br\/unidades\/santaines\/wp-json\/wp\/v2\/posts\/14526"}],"collection":[{"href":"https:\/\/www.ifbaiano.edu.br\/unidades\/santaines\/wp-json\/wp\/v2\/posts"}],"about":[{"href":"https:\/\/www.ifbaiano.edu.br\/unidades\/santaines\/wp-json\/wp\/v2\/types\/post"}],"author":[{"embeddable":true,"href":"https:\/\/www.ifbaiano.edu.br\/unidades\/santaines\/wp-json\/wp\/v2\/users\/86"}],"replies":[{"embeddable":true,"href":"https:\/\/www.ifbaiano.edu.br\/unidades\/santaines\/wp-json\/wp\/v2\/comments?post=14526"}],"version-history":[{"count":2,"href":"https:\/\/www.ifbaiano.edu.br\/unidades\/santaines\/wp-json\/wp\/v2\/posts\/14526\/revisions"}],"predecessor-version":[{"id":14530,"href":"https:\/\/www.ifbaiano.edu.br\/unidades\/santaines\/wp-json\/wp\/v2\/posts\/14526\/revisions\/14530"}],"wp:attachment":[{"href":"https:\/\/www.ifbaiano.edu.br\/unidades\/santaines\/wp-json\/wp\/v2\/media?parent=14526"}],"wp:term":[{"taxonomy":"category","embeddable":true,"href":"https:\/\/www.ifbaiano.edu.br\/unidades\/santaines\/wp-json\/wp\/v2\/categories?post=14526"},{"taxonomy":"post_tag","embeddable":true,"href":"https:\/\/www.ifbaiano.edu.br\/unidades\/santaines\/wp-json\/wp\/v2\/tags?post=14526"}],"curies":[{"name":"wp","href":"https:\/\/api.w.org\/{rel}","templated":true}]}}