{"id":14538,"date":"2020-12-12T08:04:58","date_gmt":"2020-12-12T11:04:58","guid":{"rendered":"https:\/\/www.ifbaiano.edu.br\/unidades\/santaines\/?p=14538"},"modified":"2020-12-12T08:04:58","modified_gmt":"2020-12-12T11:04:58","slug":"congresso-do-if-baiano-conheca-a-programacao-e-os-palestrantes","status":"publish","type":"post","link":"https:\/\/www.ifbaiano.edu.br\/unidades\/santaines\/congresso-do-if-baiano-conheca-a-programacao-e-os-palestrantes\/","title":{"rendered":"Congresso do IF Baiano: conhe\u00e7a a programa\u00e7\u00e3o e os palestrantes"},"content":{"rendered":"\n<p>J\u00e1 s\u00e3o mais de 500 inscritos no I Congresso de Ensino e Pesquisa do IF Baiano, evento que ser\u00e1 realizado de 15 a 18 de dezembro, num formato 100% online. Na programa\u00e7\u00e3o, est\u00e3o previstas mais de 15 atividades, entre confer\u00eancias, semin\u00e1rios, mesas de discuss\u00e3o, apresenta\u00e7\u00e3o de trabalhos, premia\u00e7\u00f5es e interven\u00e7\u00f5es art\u00edsticas.<\/p>\n\n\n\n<p>O I Congresso do IF Baiano ir\u00e1 promover um espa\u00e7o de intera\u00e7\u00e3o, debate, inova\u00e7\u00e3o e compartilhamento das viv\u00eancias acad\u00eamicas e melhores pr\u00e1ticas do Ensino e da Pesquisa no \u00e2mbito do IF Baiano e de outras institui\u00e7\u00f5es do cen\u00e1rio estadual e nacional. As inscri\u00e7\u00f5es podem ser realizadas no&nbsp;<a href=\"https:\/\/eventos.ifbaiano.edu.br\/portal\/congresso\/\">site do evento<\/a>&nbsp;at\u00e9 14 de dezembro.&nbsp;<\/p>\n\n\n\n<p><strong>Convidados confirmados&nbsp;<\/strong><\/p>\n\n\n\n<p>Nomes de educadores, gestores, artistas e pesquisadores como Roger Chartier (Coll\u00e8ge de France), Ad\u00e9lia Pinheiro (Secti-BA), T\u00e2nia Fischer (UFBA \/ Academia de Ci\u00eancias da Bahia), Eduardo Sequerra (Instituto do C\u00e9rebro\/ UFRN), Luiz Almeida (Instituto Quest\u00e3o de Ci\u00eancia), L\u00e9o Macedo (Banda Estakazero), entre outros, est\u00e3o entre os convidados confirmados no evento.&nbsp;<\/p>\n\n\n\n<p>Confira alguns dos destaques da programa\u00e7\u00e3o de quatro dias:&nbsp;<\/p>\n\n\n\n<p><strong>Dia 15&nbsp;<\/strong><\/p>\n\n\n\n<p>O primeiro dia de atividades do Congresso, 15 de dezembro, ter\u00e1 Solenidade de Abertura com a presen\u00e7a de representantes do IF Baiano e da Secret\u00e1ria de Ci\u00eancia, Tecnologia e Inova\u00e7\u00e3o do Estado da Bahia (Secti-BA), Ad\u00e9lia Pinheiro.&nbsp;<\/p>\n\n\n\n<p>A cerim\u00f4nia ser\u00e1 seguida por uma Confer\u00eancia, ministrada pelo pesquisador e professor do Instituto do C\u00e9rebro da Universidade Federal do Rio Grande do Norte (UFRN), Eduardo Sequerra, abordando&nbsp;<em>\u201cComo um aluno de escola t\u00e9cnica virou um cientista estudando zika e microcefalia?\u201d<\/em>. Sequerra \u00e9 especialista em biologia do desenvolvimento com \u00eanfase no desenvolvimento neural.&nbsp;<\/p>\n\n\n\n<p>Logo ap\u00f3s, ocorrer\u00e1 a mesa&nbsp;<em>\u201cPesquisar e inovar para recriar o viver: desafios da p\u00f3s-gradua\u00e7\u00e3o no Brasil\u201d<\/em>, com os palestrantes Giselle Ro\u00e7as, docente do Programa de P\u00f3s-Gradua\u00e7\u00e3o em Ensino de Ci\u00eancias (PROPEC) do IFRJ; Vin\u00edcius Martins, Pr\u00f3-Reitor de Pesquisa do Instituto Federal Sul-rio-grandense (IFSul), e ainda, T\u00e2nia Fischer, professora titular da UFBA e coordenadora do Centro Interdisciplinar em Desenvolvimento e Gest\u00e3o Social (CIAGS). Doutora em Administra\u00e7\u00e3o. Fischer j\u00e1 foi consultora da UNESCO e ganhadora da Medalha de Ouro 50 anos de P\u00f3s-Gradua\u00e7\u00e3o Brasileira concedida pela CAPES.<\/p>\n\n\n\n<p>Ainda no dia 15, haver\u00e1 comunica\u00e7\u00e3o oral de trabalhos de bolsistas, abertura do Semin\u00e1rio do PIBID e a abertura das interven\u00e7\u00f5es art\u00edsticas, com a participa\u00e7\u00e3o do cantor L\u00e9o Macedo, da Banda Estakazero e dos talentos art\u00edsticos de estudantes e servidores do IF Baiano.<\/p>\n\n\n\n<p><strong>Dia 16&nbsp;<\/strong><\/p>\n\n\n\n<p>Entre os destaques do segundo dia de evento, est\u00e1 a mesa&nbsp;<em>\u201cTecnologias da leitura e da escrita ao longo do tempo: ler, escrever e pesquisar\u201d<\/em>, com a participa\u00e7\u00e3o do historiador, pesquisador da Escola de Altos Estudos em Ci\u00eancias Sociais e professor do Coll\u00e8ge de France, Roger Chartier.&nbsp;<\/p>\n\n\n\n<p>\u00c9 tamb\u00e9m no dia 16 que ocorre a mesa&nbsp;<em>\u201cCi\u00eancia: substantivo feminino\u201d<\/em>, com as pesquisadoras&nbsp;Eliana Lisboa (IFBA) e Felizarda Beb\u00e9 (IF Baiano). Al\u00e9m disso, haver\u00e1 apresenta\u00e7\u00e3o de trabalhos cient\u00edficos, interven\u00e7\u00f5es art\u00edsticas e o in\u00edcio dos trabalhos do I Semin\u00e1rio de Resid\u00eancia Pedag\u00f3gica.&nbsp;<\/p>\n\n\n\n<p><strong>Dia 17<\/strong><\/p>\n\n\n\n<p>No terceiro dia de Congresso, a divulga\u00e7\u00e3o cient\u00edfica marca as discuss\u00f5es com a mesa&nbsp;<em>\u201cPesquisa \u00e9 pop\u201d<\/em>, com a reuni\u00e3o dos palestrantes Luiz Gustavo de Almeida, gerente de m\u00eddias sociais do Instituto Quest\u00e3o de Ci\u00eancia (IQC) e diretor nacional do projeto&nbsp;<a href=\"https:\/\/pintofscience.com.br\/\">Pint of Science<\/a>, e Marco Ant\u00f4nio Amaral, docente da Universidade Federal do Sul da Bahia e criador do&nbsp;<a href=\"https:\/\/ornitorrincocurioso.wordpress.com\/\">Blog \u201cOrnitorrinco curioso\u201d<\/a>, com media\u00e7\u00e3o do professor Marcelo Oliveira (IF Baiano).&nbsp;<\/p>\n\n\n\n<p>Tamb\u00e9m est\u00e3o previstas, no dia 17, a palestra&nbsp;<em>\u201cCidadania lingu\u00edstica, multilinguismo e racismo\u201d,&nbsp;<\/em>com o professor Gabriel Nascimento, da Universidade Federal do Sul da Bahia (UFSB); uma roda de di\u00e1logos sobre forma\u00e7\u00e3o de professores para a Escola B\u00e1sica; e atividades do I Semin\u00e1rio Interterritorial de Sanidade Animal.&nbsp;<\/p>\n\n\n\n<p><strong>Dia 18<\/strong>&nbsp;<\/p>\n\n\n\n<p>No quarto e \u00faltimo dia de Congresso, al\u00e9m de atividades doSemin\u00e1rio Interterritorial de Sanidade Animal, ocorre a&nbsp;<em>Premia\u00e7\u00e3o dos trabalhos<\/em>&nbsp;apresentados por estudantes da Inicia\u00e7\u00e3o Cient\u00edfica e Tecnol\u00f3gica e P\u00f3s-Gradua\u00e7\u00e3o.&nbsp;<\/p>\n\n\n\n<p><br>Confira\u00a0<strong><a href=\"https:\/\/eventos.ifbaiano.edu.br\/portal\/congresso\/\">aqui<\/a>\u00a0<\/strong>a programa\u00e7\u00e3o completa do I Congresso de Ensino e Pesquisa do IF Baiano e fa\u00e7a sua inscri\u00e7\u00e3o.<\/p>\n\n\n\n<hr class=\"wp-block-separator\" \/>\n\n\n\n<p>Mat\u00e9ria Ascom dispon\u00edvel em: https:\/\/ifbaiano.edu.br\/portal\/blog\/conheca-a-programacao-e-os-palestrantes-do-i-congresso-do-if-baiano\/<\/p>\n","protected":false},"excerpt":{"rendered":"<p>Ser\u00e3o quatro dias de atividades reunindo m\u00faltiplos saberes e pr\u00e1ticas das \u00e1reas de Ensino e Pesquisa.<\/p>\n","protected":false},"author":86,"featured_media":14539,"comment_status":"closed","ping_status":"closed","sticky":false,"template":"","format":"standard","meta":[],"categories":[4,5,57],"tags":[],"_links":{"self":[{"href":"https:\/\/www.ifbaiano.edu.br\/unidades\/santaines\/wp-json\/wp\/v2\/posts\/14538"}],"collection":[{"href":"https:\/\/www.ifbaiano.edu.br\/unidades\/santaines\/wp-json\/wp\/v2\/posts"}],"about":[{"href":"https:\/\/www.ifbaiano.edu.br\/unidades\/santaines\/wp-json\/wp\/v2\/types\/post"}],"author":[{"embeddable":true,"href":"https:\/\/www.ifbaiano.edu.br\/unidades\/santaines\/wp-json\/wp\/v2\/users\/86"}],"replies":[{"embeddable":true,"href":"https:\/\/www.ifbaiano.edu.br\/unidades\/santaines\/wp-json\/wp\/v2\/comments?post=14538"}],"version-history":[{"count":1,"href":"https:\/\/www.ifbaiano.edu.br\/unidades\/santaines\/wp-json\/wp\/v2\/posts\/14538\/revisions"}],"predecessor-version":[{"id":14540,"href":"https:\/\/www.ifbaiano.edu.br\/unidades\/santaines\/wp-json\/wp\/v2\/posts\/14538\/revisions\/14540"}],"wp:featuredmedia":[{"embeddable":true,"href":"https:\/\/www.ifbaiano.edu.br\/unidades\/santaines\/wp-json\/wp\/v2\/media\/14539"}],"wp:attachment":[{"href":"https:\/\/www.ifbaiano.edu.br\/unidades\/santaines\/wp-json\/wp\/v2\/media?parent=14538"}],"wp:term":[{"taxonomy":"category","embeddable":true,"href":"https:\/\/www.ifbaiano.edu.br\/unidades\/santaines\/wp-json\/wp\/v2\/categories?post=14538"},{"taxonomy":"post_tag","embeddable":true,"href":"https:\/\/www.ifbaiano.edu.br\/unidades\/santaines\/wp-json\/wp\/v2\/tags?post=14538"}],"curies":[{"name":"wp","href":"https:\/\/api.w.org\/{rel}","templated":true}]}}