{"id":14544,"date":"2020-12-15T13:27:33","date_gmt":"2020-12-15T16:27:33","guid":{"rendered":"https:\/\/www.ifbaiano.edu.br\/unidades\/santaines\/?p=14544"},"modified":"2020-12-18T15:32:08","modified_gmt":"2020-12-18T18:32:08","slug":"campus-santa-ines-divulga-nota-informativa-sobre-auxilios-de-inclusao-digital","status":"publish","type":"post","link":"https:\/\/www.ifbaiano.edu.br\/unidades\/santaines\/campus-santa-ines-divulga-nota-informativa-sobre-auxilios-de-inclusao-digital\/","title":{"rendered":"Campus Santa In\u00eas divulga Nota Informativa sobre Aux\u00edlios de Inclus\u00e3o Digital"},"content":{"rendered":"\n<p>A Comiss\u00e3o Local de Assist\u00eancia ao Educando &#8211; CLAE do IF Baiano Campus Santa In\u00eas divulga <a href=\"https:\/\/www.ifbaiano.edu.br\/unidades\/santaines\/files\/2020\/12\/Nota-Informativa-CLAE.pdf\">Nota Informativa<\/a> direcionada aos(\u00e0s) estudantes contemplados(as) com o Aux\u00edlio Equipamento. A referida Nota esclarece que, ap\u00f3s realizada a aquisi\u00e7\u00e3o ou manuten\u00e7\u00e3o do equipamento, os(as) estudantes contemplados dever\u00e3o prestar contas, em at\u00e9 30 dias, observando os seguintes tr\u00e2mites:<\/p>\n\n\n\n<p>1-Apresentar Nota Fiscal digitalizada, em seu nome e &nbsp;com o seu CPF, se maior ou em nome do seu respons\u00e1vel legal(pai,m\u00e3e),se menor;<\/p>\n\n\n\n<p>2-Enviar a Nota Fiscal para o e-mail:clae.ifsi@gmail.com.<\/p>\n\n\n\n<p>A mesma nota chama a aten\u00e7\u00e3o para os seguintes pontos:<\/p>\n\n\n\n<p>Caso o valor do servi\u00e7o\/aquisi\u00e7\u00e3o do equipamento seja superior ao recebido, a diferen\u00e7a deve ser arcada pelo(a) estudante e a nota fiscal a ser enviada deve ser exatamente do valor do servi\u00e7o\/aquisi\u00e7\u00e3o realizado(a);<br><br>Para os aux\u00edlios Banda Larga e Dados M\u00f3veis, n\u00e3o ser\u00e1 necess\u00e1rio apresentar nota fiscal, pois a sua comprova\u00e7\u00e3o ser\u00e1 por meio da participa\u00e7\u00e3o do(a) estudante, nas atividades (s\u00edncronas e ass\u00edncronas);<\/p>\n\n\n\n<p>Ap\u00f3s o envio da nota fiscal, o(a) estudante dever\u00e1 ficar atento(a) ao retorno do e-mail com os esclarecimentos sobre a devolu\u00e7\u00e3o de valores restantes ao er\u00e1rio, caso o servi\u00e7o\/aquisi\u00e7\u00e3o realizado(a), seja inferior ao valor concedido (R$500,00).<\/p>\n\n\n\n<p>Para esclarecimentos de  quaisquer d\u00favidas, deve ser encaminhado e-mail para:&nbsp;clae.ifsi@gmail.com.<\/p>\n\n\n\n<hr class=\"wp-block-separator\" \/>\n\n\n\n<p><\/p>\n","protected":false},"excerpt":{"rendered":"<p>A Nota Informativa \u00e9 direcionada aos(\u00e0s) estudantes contemplados(as) com o Aux\u00edlio Equipamento.<\/p>\n","protected":false},"author":86,"featured_media":14426,"comment_status":"closed","ping_status":"closed","sticky":false,"template":"","format":"standard","meta":[],"categories":[4,5,57],"tags":[],"_links":{"self":[{"href":"https:\/\/www.ifbaiano.edu.br\/unidades\/santaines\/wp-json\/wp\/v2\/posts\/14544"}],"collection":[{"href":"https:\/\/www.ifbaiano.edu.br\/unidades\/santaines\/wp-json\/wp\/v2\/posts"}],"about":[{"href":"https:\/\/www.ifbaiano.edu.br\/unidades\/santaines\/wp-json\/wp\/v2\/types\/post"}],"author":[{"embeddable":true,"href":"https:\/\/www.ifbaiano.edu.br\/unidades\/santaines\/wp-json\/wp\/v2\/users\/86"}],"replies":[{"embeddable":true,"href":"https:\/\/www.ifbaiano.edu.br\/unidades\/santaines\/wp-json\/wp\/v2\/comments?post=14544"}],"version-history":[{"count":2,"href":"https:\/\/www.ifbaiano.edu.br\/unidades\/santaines\/wp-json\/wp\/v2\/posts\/14544\/revisions"}],"predecessor-version":[{"id":14567,"href":"https:\/\/www.ifbaiano.edu.br\/unidades\/santaines\/wp-json\/wp\/v2\/posts\/14544\/revisions\/14567"}],"wp:featuredmedia":[{"embeddable":true,"href":"https:\/\/www.ifbaiano.edu.br\/unidades\/santaines\/wp-json\/wp\/v2\/media\/14426"}],"wp:attachment":[{"href":"https:\/\/www.ifbaiano.edu.br\/unidades\/santaines\/wp-json\/wp\/v2\/media?parent=14544"}],"wp:term":[{"taxonomy":"category","embeddable":true,"href":"https:\/\/www.ifbaiano.edu.br\/unidades\/santaines\/wp-json\/wp\/v2\/categories?post=14544"},{"taxonomy":"post_tag","embeddable":true,"href":"https:\/\/www.ifbaiano.edu.br\/unidades\/santaines\/wp-json\/wp\/v2\/tags?post=14544"}],"curies":[{"name":"wp","href":"https:\/\/api.w.org\/{rel}","templated":true}]}}