{"id":14576,"date":"2020-12-21T06:54:05","date_gmt":"2020-12-21T09:54:05","guid":{"rendered":"https:\/\/www.ifbaiano.edu.br\/unidades\/santaines\/?p=14576"},"modified":"2020-12-21T06:54:05","modified_gmt":"2020-12-21T09:54:05","slug":"esclarecimentos-sobre-o-processo-seletivo-2021","status":"publish","type":"post","link":"https:\/\/www.ifbaiano.edu.br\/unidades\/santaines\/esclarecimentos-sobre-o-processo-seletivo-2021\/","title":{"rendered":"Esclarecimentos sobre o processo seletivo 2021"},"content":{"rendered":"\n<p>\u00c0 Comunidade IF Baiano,<\/p>\n\n\n\n<p>Esperamos que todas e todos estejam bem.<\/p>\n\n\n\n<p>Considerando o atual contexto de incertezas decorrentes da pandemia da Covid-19 e os in\u00fameros questionamentos recepcionados atrav\u00e9s dos nossos canais de atendimento acerca do Processo Seletivo para Ingresso de Estudantes \u2013 2021 do Instituto Federal Baiano, informamos que estamos em fase de planejamento.<\/p>\n\n\n\n<p>Conforme delibera\u00e7\u00e3o do Col\u00e9gio de Dirigentes, ocorrido no dia&nbsp;10 de dezembro&nbsp;de 2020, foi designada uma comiss\u00e3o para conduzir as discuss\u00f5es.<\/p>\n\n\n\n<p>Reafirmamos o nosso compromisso com a oferta a educa\u00e7\u00e3o gratuita e de qualidade, e primamos pela sa\u00fade dos candidatos(as) e todos(as) envolvidos no processo de sele\u00e7\u00e3o.<\/p>\n\n\n\n<p>Nesse sentido, estamos buscando um Processo de sele\u00e7\u00e3o mais seguro, econ\u00f4mico, ison\u00f4mico e justo, respeitando as normas de biosseguran\u00e7a estabelecidas pelas autoridades de sa\u00fade.<\/p>\n\n\n\n<p>Tranquilizamos \u00e0 comunidade e, t\u00e3o logo haja novas informa\u00e7\u00f5es, ser\u00e3o amplamente divulgadas. Sugerimos que as\/os interessadas\/os acompanhem os nossos canais de comunica\u00e7\u00e3o:<\/p>\n\n\n\n<p>Site: ifbaiano.edu.br<br>Instagram:&nbsp;<a href=\"https:\/\/www.instagram.com\/ifbaiano\/\">@ifbaiano<\/a><br>E-mail:<a href=\"https:\/\/ifbaiano.edu.br\/portal\/blog\/esclarecimentos-sobre-o-processo-seletivo-2021\/ingressos@ifbaiano.edu.br\">&nbsp;ingressos@ifbaiano.edu.br<\/a><\/p>\n\n\n\n<p>Ariomar Rodrigues<br>Pr\u00f3-Reitor de Ensino<\/p>\n\n\n\n<hr class=\"wp-block-separator\" \/>\n\n\n\n<p><\/p>\n","protected":false},"excerpt":{"rendered":"<p>.<\/p>\n","protected":false},"author":86,"featured_media":14577,"comment_status":"closed","ping_status":"closed","sticky":false,"template":"","format":"standard","meta":[],"categories":[4,13,5,10,8,57],"tags":[],"_links":{"self":[{"href":"https:\/\/www.ifbaiano.edu.br\/unidades\/santaines\/wp-json\/wp\/v2\/posts\/14576"}],"collection":[{"href":"https:\/\/www.ifbaiano.edu.br\/unidades\/santaines\/wp-json\/wp\/v2\/posts"}],"about":[{"href":"https:\/\/www.ifbaiano.edu.br\/unidades\/santaines\/wp-json\/wp\/v2\/types\/post"}],"author":[{"embeddable":true,"href":"https:\/\/www.ifbaiano.edu.br\/unidades\/santaines\/wp-json\/wp\/v2\/users\/86"}],"replies":[{"embeddable":true,"href":"https:\/\/www.ifbaiano.edu.br\/unidades\/santaines\/wp-json\/wp\/v2\/comments?post=14576"}],"version-history":[{"count":1,"href":"https:\/\/www.ifbaiano.edu.br\/unidades\/santaines\/wp-json\/wp\/v2\/posts\/14576\/revisions"}],"predecessor-version":[{"id":14578,"href":"https:\/\/www.ifbaiano.edu.br\/unidades\/santaines\/wp-json\/wp\/v2\/posts\/14576\/revisions\/14578"}],"wp:featuredmedia":[{"embeddable":true,"href":"https:\/\/www.ifbaiano.edu.br\/unidades\/santaines\/wp-json\/wp\/v2\/media\/14577"}],"wp:attachment":[{"href":"https:\/\/www.ifbaiano.edu.br\/unidades\/santaines\/wp-json\/wp\/v2\/media?parent=14576"}],"wp:term":[{"taxonomy":"category","embeddable":true,"href":"https:\/\/www.ifbaiano.edu.br\/unidades\/santaines\/wp-json\/wp\/v2\/categories?post=14576"},{"taxonomy":"post_tag","embeddable":true,"href":"https:\/\/www.ifbaiano.edu.br\/unidades\/santaines\/wp-json\/wp\/v2\/tags?post=14576"}],"curies":[{"name":"wp","href":"https:\/\/api.w.org\/{rel}","templated":true}]}}