{"id":14612,"date":"2021-01-12T10:51:50","date_gmt":"2021-01-12T13:51:50","guid":{"rendered":"https:\/\/www.ifbaiano.edu.br\/unidades\/santaines\/?p=14612"},"modified":"2021-01-12T10:51:50","modified_gmt":"2021-01-12T13:51:50","slug":"if-baiano-abre-250-vagas-para-curso-de-formacao-em-extensao","status":"publish","type":"post","link":"https:\/\/www.ifbaiano.edu.br\/unidades\/santaines\/if-baiano-abre-250-vagas-para-curso-de-formacao-em-extensao\/","title":{"rendered":"IF Baiano abre 250 vagas para curso de forma\u00e7\u00e3o em Extens\u00e3o"},"content":{"rendered":"\n<p>O Instituto Federal Baiano (IF Baiano), por meio da Pr\u00f3-reitoria de Extens\u00e3o, abre, de hoje a 25 de janeiro, inscri\u00e7\u00f5es para o Curso de Forma\u00e7\u00e3o em Extens\u00e3o. Podem participar discentes, servidores e pessoas da comunidade externa do Instituto. Est\u00e3o em oferta 250 vagas, a serem preenchidas por ordem de inscri\u00e7\u00e3o. O curso tem in\u00edcio em 3 de fevereiro.<\/p>\n\n\n\n<p>Interessados no curso, que tem carga hor\u00e1ria total de 20 horas certificadas, devem preencher este&nbsp;<a href=\"https:\/\/docs.google.com\/forms\/d\/e\/1FAIpQLSe_S_IAfp-DzVqvtLcvfUzZv0ljdtwq55pzw2vRpxPSKESTBQ\/viewform\">formul\u00e1rio<\/a>. No momento da inscri\u00e7\u00e3o, o candidato dever\u00e1 preencher informa\u00e7\u00f5es b\u00e1sicas pessoais e registrar o e-mail em que receber\u00e1 informa\u00e7\u00f5es posteriores como confirma\u00e7\u00e3o de matr\u00edcula e&nbsp;<em>links<\/em>&nbsp;de acesso \u00e0s aulas que ser\u00e3o disponibilizadas atrav\u00e9s da plataforma Moodle IF Baiano.<\/p>\n\n\n\n<p>O curso \u00e9 sem tutoria, ou seja, n\u00e3o existe um respons\u00e1vel que inicia e termina as aulas. Com isso, os matriculados poder\u00e3o participar dos encontros a qualquer hora, de qualquer local, desde que tenham um dispositivo com acesso \u00e0 internet e que complete todas as aulas e n\u00edveis at\u00e9 o fim do per\u00edodo de oferta do curso, que ficar\u00e1 dispon\u00edvel por 15 dias (entre 3 e 18 de fevereiro).<\/p>\n\n\n\n<p>\u201cEsse curso tem o objetivo de difundir os conceitos relacionados \u00e0 extens\u00e3o e incentivar atividades que envolvam o instituto e as comunidades tendo em vista a troca de saberes e a melhoria de qualidade de vida das pessoas\u201d, explica a coordenadora do curso de Forma\u00e7\u00e3o em Extens\u00e3o, Ma\u00edra Dourado.<\/p>\n\n\n\n<p>No caso de d\u00favidas, os interessados podem enviar e-mail para o\u00a0<strong>formacao.extensao@ifbaiano.edu.br<\/strong>.<\/p>\n\n\n\n<hr class=\"wp-block-separator\" \/>\n\n\n\n<p>Mat\u00e9ria ASCOM dispon\u00edvel em: https:\/\/ifbaiano.edu.br\/portal\/blog\/if-baiano-abre-vagas-para-curso-de-formacao-em-extensao\/<\/p>\n","protected":false},"excerpt":{"rendered":"<p>S\u00e3o 250 vagas a serem preenchidas por ordem de inscri\u00e7\u00e3o at\u00e9 o dia 25 janeiro<\/p>\n","protected":false},"author":86,"featured_media":0,"comment_status":"closed","ping_status":"closed","sticky":false,"template":"","format":"standard","meta":[],"categories":[4,5,57],"tags":[],"_links":{"self":[{"href":"https:\/\/www.ifbaiano.edu.br\/unidades\/santaines\/wp-json\/wp\/v2\/posts\/14612"}],"collection":[{"href":"https:\/\/www.ifbaiano.edu.br\/unidades\/santaines\/wp-json\/wp\/v2\/posts"}],"about":[{"href":"https:\/\/www.ifbaiano.edu.br\/unidades\/santaines\/wp-json\/wp\/v2\/types\/post"}],"author":[{"embeddable":true,"href":"https:\/\/www.ifbaiano.edu.br\/unidades\/santaines\/wp-json\/wp\/v2\/users\/86"}],"replies":[{"embeddable":true,"href":"https:\/\/www.ifbaiano.edu.br\/unidades\/santaines\/wp-json\/wp\/v2\/comments?post=14612"}],"version-history":[{"count":1,"href":"https:\/\/www.ifbaiano.edu.br\/unidades\/santaines\/wp-json\/wp\/v2\/posts\/14612\/revisions"}],"predecessor-version":[{"id":14614,"href":"https:\/\/www.ifbaiano.edu.br\/unidades\/santaines\/wp-json\/wp\/v2\/posts\/14612\/revisions\/14614"}],"wp:attachment":[{"href":"https:\/\/www.ifbaiano.edu.br\/unidades\/santaines\/wp-json\/wp\/v2\/media?parent=14612"}],"wp:term":[{"taxonomy":"category","embeddable":true,"href":"https:\/\/www.ifbaiano.edu.br\/unidades\/santaines\/wp-json\/wp\/v2\/categories?post=14612"},{"taxonomy":"post_tag","embeddable":true,"href":"https:\/\/www.ifbaiano.edu.br\/unidades\/santaines\/wp-json\/wp\/v2\/tags?post=14612"}],"curies":[{"name":"wp","href":"https:\/\/api.w.org\/{rel}","templated":true}]}}