{"id":14623,"date":"2021-01-19T19:27:12","date_gmt":"2021-01-19T22:27:12","guid":{"rendered":"https:\/\/www.ifbaiano.edu.br\/unidades\/santaines\/?p=14623"},"modified":"2021-01-19T19:27:12","modified_gmt":"2021-01-19T22:27:12","slug":"prorrogadas-inscricoes-para-chamada-interna-de-selecao-de-professores-formadores","status":"publish","type":"post","link":"https:\/\/www.ifbaiano.edu.br\/unidades\/santaines\/prorrogadas-inscricoes-para-chamada-interna-de-selecao-de-professores-formadores\/","title":{"rendered":"Prorrogadas inscri\u00e7\u00f5es para chamada interna de sele\u00e7\u00e3o de professores formadores"},"content":{"rendered":"\n<p>Foram prorrogadas, at\u00e9 8 de fevereiro de 2020, as inscri\u00e7\u00f5es para a Chamada Interna (<a href=\"https:\/\/concurso.ifbaiano.edu.br\/portal\/cadastro-interno-professores-formadores-dead-dezembro-2020\/wp-content\/uploads\/sites\/380\/2020\/12\/Edital-Chamada-Interna-DEaD-149_2020.pdf\" target=\"_blank\" rel=\"noreferrer noopener\">Edital n\u00ba 149\/2020<\/a>) para cadastro de Professores Formadores para atuar nas disciplinas do M\u00f3dulo III, dos Cursos T\u00e9cnicos de Multimeios Did\u00e1ticos e Secretaria Escolar, na Educa\u00e7\u00e3o a Dist\u00e2ncia do Instituto Federal Baiano.<\/p>\n\n\n\n<p>A data do resultado final da chamada tamb\u00e9m foi alterada para 26 de fevereiro. Os professores formadores selecionados ser\u00e3o convocados para atua\u00e7\u00e3o a partir de 1\u00b0 de mar\u00e7o.&nbsp;<\/p>\n\n\n\n<p>Para concorrer \u00e0s vagas, os interessados devem acessar&nbsp;<a href=\"https:\/\/concurso.ifbaiano.edu.br\/portal\/cadastro-interno-professores-formadores-dead-dezembro-2020\/\">a p\u00e1gina da chamada<\/a>, preencher o Formul\u00e1rio de Inscri\u00e7\u00e3o e seguir as demais orienta\u00e7\u00f5es do edital. Para efetivar a inscri\u00e7\u00e3o, o candidato deve enviar os documentos solicitados para&nbsp;<strong>selecao.ead@ead.ifbaiano.edu.br<\/strong>&nbsp;com o assunto: \u201cInscri\u00e7\u00e3o Chamada Interna EaD\u201d. D\u00favidas podem ser encaminhadas para o mesmo endere\u00e7o de e-mail, mas com o assunto \u201cD\u00favidas Chamada Interna EaD\u201d.<\/p>\n\n\n\n<p><strong>Vagas<\/strong><\/p>\n\n\n\n<p>A chamada visa o preenchimento de uma vaga em cada disciplina descrita no edital. Ao todo, s\u00e3o 16 vagas dispon\u00edveis. Oito vagas s\u00e3o para o curso de Multimeios Did\u00e1ticos, nas disciplinas: Teorias da Comunica\u00e7\u00e3o \u2013 (CH 60), Audiovisuais (CH 60), Biblioteca Escolar \u2013 (CH 60), Inform\u00e1tica Aplicada \u00e0 Educa\u00e7\u00e3o \u2013 (CH 60), Laborat\u00f3rios \u2013 (CH 60), Inform\u00e1tica Aplicada \u00e0s Artes \u2013 (CH 60), Oficinas Culturais \u2013 (CH 40), Projeto Integrador III \u2013 (CH 40).<\/p>\n\n\n\n<p>As outras oito vagas s\u00e3o para o curso de Secretaria Escolar, nas disciplinas: Trabalho Escolar e Teorias Administrativas \u2013 (CH 40), Gest\u00e3o Democr\u00e1tica nos Sistemas e na Escola \u2013 (CH 40), Legisla\u00e7\u00e3o Escolar \u2013 (CH 40), T\u00e9cnicas de Reda\u00e7\u00e3o e Arquivo \u2013 (CH 60), Contabilidade na Escola \u2013 (CH 60), Administra\u00e7\u00e3o de Materiais \u2013 (CH 60), Estat\u00edstica Aplicada \u00e0 Educa\u00e7\u00e3o \u2013 (CH 60) e Projeto Integrador III \u2013 (CH 40).<\/p>\n\n\n\n<p><strong>Quem pode se inscrever?<\/strong><\/p>\n\n\n\n<p>Para estar apto a concorrer, os candidatos devem ser docentes do IF Baiano e preencher os seguintes requisitos: ter forma\u00e7\u00e3o na \u00e1rea do componente curricular para o qual ir\u00e1 concorrer, comprovada atua\u00e7\u00e3o na \u00e1rea do componente curricular e experi\u00eancia em EaD (doc\u00eancia e\/ou gest\u00e3o).<\/p>\n\n\n\n<p><strong>Sele\u00e7\u00e3o<\/strong><\/p>\n\n\n\n<p>A classifica\u00e7\u00e3o dos candidatos ser\u00e1 dada mediante pontua\u00e7\u00e3o obtida conforme o barema disposto no edital (Item 5.3).<\/p>\n\n\n\n<p>Acompanhe todas as atualiza\u00e7\u00f5es desta chamada interna\u00a0<a rel=\"noreferrer noopener\" href=\"https:\/\/concurso.ifbaiano.edu.br\/portal\/cadastro-interno-professores-formadores-dead-dezembro-2020\/\" target=\"_blank\">nesta p\u00e1gina<\/a>.<\/p>\n\n\n\n<hr class=\"wp-block-separator\" \/>\n\n\n\n<p>Mat\u00e9ria ASCOM dispon\u00edvel em: https:\/\/ifbaiano.edu.br\/portal\/blog\/prorrogadas-inscricoes-para-chamada-interna-de-selecao-de-professores-formadores\/<\/p>\n","protected":false},"excerpt":{"rendered":"<p>.<\/p>\n","protected":false},"author":86,"featured_media":0,"comment_status":"closed","ping_status":"closed","sticky":false,"template":"","format":"standard","meta":[],"categories":[4,5,57],"tags":[],"_links":{"self":[{"href":"https:\/\/www.ifbaiano.edu.br\/unidades\/santaines\/wp-json\/wp\/v2\/posts\/14623"}],"collection":[{"href":"https:\/\/www.ifbaiano.edu.br\/unidades\/santaines\/wp-json\/wp\/v2\/posts"}],"about":[{"href":"https:\/\/www.ifbaiano.edu.br\/unidades\/santaines\/wp-json\/wp\/v2\/types\/post"}],"author":[{"embeddable":true,"href":"https:\/\/www.ifbaiano.edu.br\/unidades\/santaines\/wp-json\/wp\/v2\/users\/86"}],"replies":[{"embeddable":true,"href":"https:\/\/www.ifbaiano.edu.br\/unidades\/santaines\/wp-json\/wp\/v2\/comments?post=14623"}],"version-history":[{"count":1,"href":"https:\/\/www.ifbaiano.edu.br\/unidades\/santaines\/wp-json\/wp\/v2\/posts\/14623\/revisions"}],"predecessor-version":[{"id":14624,"href":"https:\/\/www.ifbaiano.edu.br\/unidades\/santaines\/wp-json\/wp\/v2\/posts\/14623\/revisions\/14624"}],"wp:attachment":[{"href":"https:\/\/www.ifbaiano.edu.br\/unidades\/santaines\/wp-json\/wp\/v2\/media?parent=14623"}],"wp:term":[{"taxonomy":"category","embeddable":true,"href":"https:\/\/www.ifbaiano.edu.br\/unidades\/santaines\/wp-json\/wp\/v2\/categories?post=14623"},{"taxonomy":"post_tag","embeddable":true,"href":"https:\/\/www.ifbaiano.edu.br\/unidades\/santaines\/wp-json\/wp\/v2\/tags?post=14623"}],"curies":[{"name":"wp","href":"https:\/\/api.w.org\/{rel}","templated":true}]}}