{"id":14627,"date":"2021-01-28T10:21:03","date_gmt":"2021-01-28T13:21:03","guid":{"rendered":"https:\/\/www.ifbaiano.edu.br\/unidades\/santaines\/?p=14627"},"modified":"2021-01-28T10:21:03","modified_gmt":"2021-01-28T13:21:03","slug":"retrospectiva-2020-tres-acoes-que-fortaleceram-o-desenvolvimento-institucional-2","status":"publish","type":"post","link":"https:\/\/www.ifbaiano.edu.br\/unidades\/santaines\/retrospectiva-2020-tres-acoes-que-fortaleceram-o-desenvolvimento-institucional-2\/","title":{"rendered":"Retrospectiva 2020: tr\u00eas a\u00e7\u00f5es que fortaleceram o Desenvolvimento Institucional"},"content":{"rendered":"\n<p>Com o intuito de que as pol\u00edticas, pr\u00e1ticas e objetivos do Instituto Federal Baiano sejam cumpridos e estejam em constante aperfei\u00e7oamento, a comunidade acad\u00eamica da institui\u00e7\u00e3o se empenhou para que o desenvolvimento institucional seguisse avan\u00e7ando, mesmo em um ano marcado por grandes desafios para a Educa\u00e7\u00e3o.<\/p>\n\n\n\n<p>Confira tr\u00eas a\u00e7\u00f5es que ajudaram a fortalecer o desenvolvimento institucional durante o ano de 2020 no IF Baiano.&nbsp;<\/p>\n\n\n\n<ol><li><strong><em>Relat\u00f3rio de Gest\u00e3o apresenta avan\u00e7os institucionais<\/em><\/strong><\/li><\/ol>\n\n\n\n<p>Foi disponibilizado para a comunidade acad\u00eamica do IF Baiano, em agosto de 2020,<a href=\"https:\/\/ifbaiano.edu.br\/portal\/blog\/if-baiano-apresenta-relatorio-de-gestao-2019\/\">&nbsp;o mais recente relat\u00f3rio de gest\u00e3o da institui\u00e7\u00e3o, referente ao ano de 2019,<\/a>&nbsp;e aprovado pelo Conselho Superior do IF Baiano em 30 de julho de 2020 (ver&nbsp;<a href=\"https:\/\/ifbaiano.edu.br\/portal\/resolucoes-2020\/\">Resolu\u00e7\u00e3o n\u00ba 78<\/a>). O documento visa prestar contas \u00e0 sociedade em rela\u00e7\u00e3o \u00e0 execu\u00e7\u00e3o or\u00e7ament\u00e1ria (aloca\u00e7\u00e3o de recursos), cumprimento dos objetivos estrat\u00e9gicos da institui\u00e7\u00e3o, indicadores de resultados, al\u00e9m de informa\u00e7\u00f5es sobre gest\u00e3o de riscos e a\u00e7\u00f5es de controle interno.&nbsp;<\/p>\n\n\n\n<p>De acordo com a Pr\u00f3-reitoria de Desenvolvimento Institucional (Prodin), respons\u00e1vel pela constru\u00e7\u00e3o do documento, com os indicadores de desempenho foi poss\u00edvel identificar avan\u00e7os para o Instituto, com destaque, por exemplo, para o aumento no n\u00famero de estudantes ingressantes. O item obteve varia\u00e7\u00e3o percentual de 38,02% em 2018, para 52,3% em 2019. Avan\u00e7o incentivado pela abertura de mais de 3 mil vagas nos Polos de Educa\u00e7\u00e3o a Dist\u00e2ncia no ano em quest\u00e3o.&nbsp;<\/p>\n\n\n\n<p>Outro resultado relevante foi a amplia\u00e7\u00e3o da oferta de cursos de p\u00f3s-gradua\u00e7\u00e3o: o n\u00famero de vagas ofertadas foi tr\u00eas vezes maior do que no ano anterior.&nbsp;<a href=\"https:\/\/ifbaiano.edu.br\/portal\/wp-content\/uploads\/2020\/09\/RG-2019-27.08.2020-TCU.pdf\">Acesse aqui o Relat\u00f3rio de Gest\u00e3o.<\/a><\/p>\n\n\n\n<ol start=\"2\"><li><strong><em>Internacionaliza\u00e7\u00e3o em pauta&nbsp;<\/em><\/strong><\/li><\/ol>\n\n\n\n<p>Em 2020, foi realizada a primeira edi\u00e7\u00e3o do&nbsp;<a href=\"https:\/\/ifbaiano.edu.br\/portal\/blog\/simposio-ira-discutir-acoes-de-internacionalizacao-no-if-baiano\/\">Simp\u00f3sio de Internacionaliza\u00e7\u00e3o do IF Baiano<\/a>, que ocorreu em formato online, nos dias 11 e 12 de novembro.&nbsp;<\/p>\n\n\n\n<p>O evento teve como objetivo promover, divulgar e discutir experi\u00eancias e possibilidades de a\u00e7\u00f5es que fomentem a internacionaliza\u00e7\u00e3o do IF Baiano. Al\u00e9m disso, abriu espa\u00e7o para debater a emerg\u00eancia, os desafios e as oportunidades para a internacionaliza\u00e7\u00e3o, considerando as especificidades da Rede Federal de Educa\u00e7\u00e3o Profissional, Cient\u00edfica e Tecnol\u00f3gica, da qual o IF Baiano faz parte.<\/p>\n\n\n\n<p>Em sua palestra de abertura, o evento abordou \u201cPerspectivas e desafios contempor\u00e2neos da internacionaliza\u00e7\u00e3o da Rede Federal de Educa\u00e7\u00e3o Cient\u00edfica e Tecnol\u00f3gica\u201d, com participa\u00e7\u00e3o do Reitor do IF Fluminense e Coordenador da C\u00e2mara de Rela\u00e7\u00f5es Internacionais do Conif, Jefferson Manh\u00e3es.<\/p>\n\n\n\n<ol start=\"3\"><li><strong><em>Comunidade contribuiu com a \u00faltima etapa de consulta p\u00fablica do PDI&nbsp;<\/em><\/strong><\/li><\/ol>\n\n\n\n<p>Em outubro de 2020, a comunidade do IF Baiano contribuiu com a \u00faltima etapa da constru\u00e7\u00e3o da minuta do&nbsp;<a href=\"https:\/\/ifbaiano.edu.br\/portal\/pdi\/\">Plano de Desenvolvimento Institucional (PDI) 2020-2024<\/a>. Nesta fase, estudantes e seus respons\u00e1veis, professores, servidores t\u00e9cnicos, terceirizados e estagi\u00e1rios, egressos e comunidade externa puderam sugerir mudan\u00e7as nos textos de cada t\u00f3pico dos cap\u00edtulos, nas diretrizes, valores, a\u00e7\u00f5es, iniciativas, indicadores e metas institucionais, assim como acrescentar pontos relevantes que n\u00e3o foram contemplados nas minutas apresentadas anteriormente.&nbsp;<\/p>\n\n\n\n<p>A consulta p\u00fablica \u00e9 a fase final de participa\u00e7\u00e3o da comunidade e complementa as etapas anteriores. A an\u00e1lise das contribui\u00e7\u00f5es \u00e9 realizada pelos membros da Comiss\u00e3o Central do PDI.<\/p>\n\n\n\n<p><strong>Por que o PDI \u00e9 importante?\u00a0<\/strong>\u2013 O PDI \u00e9 o documento que define estrat\u00e9gias e a\u00e7\u00f5es do IF Baiano durante 5 anos, estabelecendo metas e prioridades em Ensino, Pesquisa, Extens\u00e3o e na gest\u00e3o do Instituto. Exigido por lei para Institui\u00e7\u00f5es de Ensino Superior, ele orienta como a institui\u00e7\u00e3o vai crescer, direcionar recursos e atuar junto \u00e0 comunidade, sempre buscando a excel\u00eancia na educa\u00e7\u00e3o p\u00fablica, gratuita e de qualidade.<\/p>\n\n\n\n<hr class=\"wp-block-separator\" \/>\n\n\n\n<p>Mat\u00e9ria Ascom publicada em: https:\/\/ifbaiano.edu.br\/portal\/blog\/retrospectiva-2020-tres-acoes-que-fortaleceram-o-desenvolvimento-institucional\/<\/p>\n","protected":false},"excerpt":{"rendered":"<p>.<\/p>\n","protected":false},"author":86,"featured_media":14621,"comment_status":"closed","ping_status":"closed","sticky":false,"template":"","format":"standard","meta":[],"categories":[4,5,57],"tags":[],"_links":{"self":[{"href":"https:\/\/www.ifbaiano.edu.br\/unidades\/santaines\/wp-json\/wp\/v2\/posts\/14627"}],"collection":[{"href":"https:\/\/www.ifbaiano.edu.br\/unidades\/santaines\/wp-json\/wp\/v2\/posts"}],"about":[{"href":"https:\/\/www.ifbaiano.edu.br\/unidades\/santaines\/wp-json\/wp\/v2\/types\/post"}],"author":[{"embeddable":true,"href":"https:\/\/www.ifbaiano.edu.br\/unidades\/santaines\/wp-json\/wp\/v2\/users\/86"}],"replies":[{"embeddable":true,"href":"https:\/\/www.ifbaiano.edu.br\/unidades\/santaines\/wp-json\/wp\/v2\/comments?post=14627"}],"version-history":[{"count":1,"href":"https:\/\/www.ifbaiano.edu.br\/unidades\/santaines\/wp-json\/wp\/v2\/posts\/14627\/revisions"}],"predecessor-version":[{"id":14628,"href":"https:\/\/www.ifbaiano.edu.br\/unidades\/santaines\/wp-json\/wp\/v2\/posts\/14627\/revisions\/14628"}],"wp:featuredmedia":[{"embeddable":true,"href":"https:\/\/www.ifbaiano.edu.br\/unidades\/santaines\/wp-json\/wp\/v2\/media\/14621"}],"wp:attachment":[{"href":"https:\/\/www.ifbaiano.edu.br\/unidades\/santaines\/wp-json\/wp\/v2\/media?parent=14627"}],"wp:term":[{"taxonomy":"category","embeddable":true,"href":"https:\/\/www.ifbaiano.edu.br\/unidades\/santaines\/wp-json\/wp\/v2\/categories?post=14627"},{"taxonomy":"post_tag","embeddable":true,"href":"https:\/\/www.ifbaiano.edu.br\/unidades\/santaines\/wp-json\/wp\/v2\/tags?post=14627"}],"curies":[{"name":"wp","href":"https:\/\/api.w.org\/{rel}","templated":true}]}}