{"id":14631,"date":"2021-01-28T10:34:42","date_gmt":"2021-01-28T13:34:42","guid":{"rendered":"https:\/\/www.ifbaiano.edu.br\/unidades\/santaines\/?p=14631"},"modified":"2021-01-28T10:34:42","modified_gmt":"2021-01-28T13:34:42","slug":"mestrado-profept-retoma-selecao-de-2020-em-novo-formato-avaliativo","status":"publish","type":"post","link":"https:\/\/www.ifbaiano.edu.br\/unidades\/santaines\/mestrado-profept-retoma-selecao-de-2020-em-novo-formato-avaliativo\/","title":{"rendered":"Mestrado ProfEPT retoma sele\u00e7\u00e3o de 2020 em novo formato avaliativo"},"content":{"rendered":"\n<p>Na \u00faltima sexta-feira, 22, foi publicada a&nbsp;<a href=\"https:\/\/profept.ifes.edu.br\/selecao\/16426-edital20\">retifica\u00e7\u00e3o<\/a>&nbsp;que altera o formato de sele\u00e7\u00e3o do Mestrado Profissional de Educa\u00e7\u00e3o Profissional e Tecnol\u00f3gica (ProfEPT) e retoma o Exame Nacional de Acesso ao ProfEPT (ENA), suspenso no ano passado em decorr\u00eancia da pandemia da Covid-19.<\/p>\n\n\n\n<p>O programa est\u00e1 presente em diversos pontos do territ\u00f3rio nacional por meio da Rede Federal de Educa\u00e7\u00e3o Profissional, Cient\u00edfica e Tecnol\u00f3gica e possui polo no&nbsp;<em>Campus<\/em>&nbsp;Catu do IF Baiano. Do total de 913 vagas ofertadas, 24 se destinam ao polo do IF Baiano.<\/p>\n\n\n\n<p>A comiss\u00e3o organizadora do exame disp\u00f5e que est\u00e3o mantidas todas as inscri\u00e7\u00f5es realizadas antes da suspens\u00e3o do edital, mas n\u00e3o ser\u00e3o aceitos novos inscritos para a sele\u00e7\u00e3o. A retifica\u00e7\u00e3o prev\u00ea ainda a possibilidade de desist\u00eancia do candidato quanto \u00e0 participa\u00e7\u00e3o no processo seletivo, sendo permitido o cancelamento da inscri\u00e7\u00e3o e, para os candidatos pagantes, a solicita\u00e7\u00e3o do reembolso da taxa de inscri\u00e7\u00e3o.<\/p>\n\n\n\n<p>O novo modelo de sele\u00e7\u00e3o avaliar\u00e1 o hist\u00f3rico profissional e acad\u00eamico dos candidatos, que poder\u00e3o apresentar atividades e pr\u00e1ticas profissionais, assim como produ\u00e7\u00f5es e participa\u00e7\u00f5es acad\u00eamicas relevantes ao ProfEPT. Os candidatos dever\u00e3o incluir, no sistema de inscri\u00e7\u00f5es do processo seletivo, a documenta\u00e7\u00e3o comprobat\u00f3ria dos itens de seu hist\u00f3rico profissional e acad\u00eamico, dentre aqueles previstos em edital, entre os dias 6 e 12 de fevereiro de 2021. O resultado final est\u00e1 previsto para ser divulgado no pr\u00f3ximo dia 16 de mar\u00e7o e o in\u00edcio do primeiro semestre letivo ser\u00e1 a partir de 5 de abril de 2021.<\/p>\n\n\n\n<p><strong><em>Live<\/em>&nbsp;no Youtube<\/strong><\/p>\n\n\n\n<p>A equipe da comiss\u00e3o organizadora do ENA 2020 promover\u00e1 uma&nbsp;<em>live<\/em>&nbsp;com os candidatos nesta segunda-feira, 25, \u00e0s 18h30 no canal do YouTube do Instituto Federal do Esp\u00edrito Santo (IFES) para esclarecimentos gerais.<\/p>\n\n\n\n<p>Acesse o link da live\u00a0<a rel=\"noreferrer noopener\" href=\"https:\/\/youtu.be\/azGUkkKSaQY\" target=\"_blank\">aqui<\/a>!<\/p>\n\n\n\n<hr class=\"wp-block-separator\" \/>\n\n\n\n<p>Mat\u00e9ria Ascom dispon\u00edvel em: https:\/\/ifbaiano.edu.br\/portal\/blog\/mestrado-profept-retoma-selecao-de-2020-em-novo-formato-avaliativo\/<\/p>\n","protected":false},"excerpt":{"rendered":"<p>Confira as retifica\u00e7\u00f5es do edital ProfEPT 01\/2020<\/p>\n","protected":false},"author":86,"featured_media":0,"comment_status":"closed","ping_status":"closed","sticky":false,"template":"","format":"standard","meta":[],"categories":[4,5,57],"tags":[],"_links":{"self":[{"href":"https:\/\/www.ifbaiano.edu.br\/unidades\/santaines\/wp-json\/wp\/v2\/posts\/14631"}],"collection":[{"href":"https:\/\/www.ifbaiano.edu.br\/unidades\/santaines\/wp-json\/wp\/v2\/posts"}],"about":[{"href":"https:\/\/www.ifbaiano.edu.br\/unidades\/santaines\/wp-json\/wp\/v2\/types\/post"}],"author":[{"embeddable":true,"href":"https:\/\/www.ifbaiano.edu.br\/unidades\/santaines\/wp-json\/wp\/v2\/users\/86"}],"replies":[{"embeddable":true,"href":"https:\/\/www.ifbaiano.edu.br\/unidades\/santaines\/wp-json\/wp\/v2\/comments?post=14631"}],"version-history":[{"count":1,"href":"https:\/\/www.ifbaiano.edu.br\/unidades\/santaines\/wp-json\/wp\/v2\/posts\/14631\/revisions"}],"predecessor-version":[{"id":14632,"href":"https:\/\/www.ifbaiano.edu.br\/unidades\/santaines\/wp-json\/wp\/v2\/posts\/14631\/revisions\/14632"}],"wp:attachment":[{"href":"https:\/\/www.ifbaiano.edu.br\/unidades\/santaines\/wp-json\/wp\/v2\/media?parent=14631"}],"wp:term":[{"taxonomy":"category","embeddable":true,"href":"https:\/\/www.ifbaiano.edu.br\/unidades\/santaines\/wp-json\/wp\/v2\/categories?post=14631"},{"taxonomy":"post_tag","embeddable":true,"href":"https:\/\/www.ifbaiano.edu.br\/unidades\/santaines\/wp-json\/wp\/v2\/tags?post=14631"}],"curies":[{"name":"wp","href":"https:\/\/api.w.org\/{rel}","templated":true}]}}