{"id":14635,"date":"2021-01-28T10:42:48","date_gmt":"2021-01-28T13:42:48","guid":{"rendered":"https:\/\/www.ifbaiano.edu.br\/unidades\/santaines\/?p=14635"},"modified":"2021-01-28T10:44:34","modified_gmt":"2021-01-28T13:44:34","slug":"retrospectiva-2020-tres-vezes-em-que-area-de-tecnologia-foi-essencial","status":"publish","type":"post","link":"https:\/\/www.ifbaiano.edu.br\/unidades\/santaines\/retrospectiva-2020-tres-vezes-em-que-area-de-tecnologia-foi-essencial\/","title":{"rendered":"Retrospectiva 2020: tr\u00eas vezes em que \u00e1rea de Tecnologia foi essencial"},"content":{"rendered":"\n<p>Em 2020, diante da pandemia do novo coronav\u00edrus e da ado\u00e7\u00e3o de medidas de preven\u00e7\u00e3o, como o isolamento social, e a incorpora\u00e7\u00e3o de trabalho e estudo remotos, a \u00e1rea de tecnologia, gerenciada pela Diretoria de Gest\u00e3o de Tecnologia da Informa\u00e7\u00e3o (DGTI) do IF Baiano, se mostrou ainda mais importante e necess\u00e1ria para a institui\u00e7\u00e3o.<\/p>\n\n\n\n<p>O setor possibilitou melhores condi\u00e7\u00f5es t\u00e9cnicas para o desenvolvimento das atividades e para o suporte a servidores, colaboradores e estudantes dos 14&nbsp;<em>campi<\/em>&nbsp;da institui\u00e7\u00e3o.<\/p>\n\n\n\n<p>Relembre tr\u00eas fatos que refor\u00e7aram a import\u00e2ncia da \u00e1rea de Tecnologia da Informa\u00e7\u00e3o em 2020.<\/p>\n\n\n\n<h4 class=\"wp-block-heading\">1.&nbsp;<strong>Processos administrativos totalmente via Suap<\/strong><\/h4>\n\n\n\n<p>O Sistema Unificado de Administra\u00e7\u00e3o P\u00fablica (Suap) \u00e9 um sistema de gerenciamento administrativo e acad\u00eamico que est\u00e1 sendo implantado no IF Baiano desde 2018 pela DGTI, substituindo o antigo, SIGAA. O Suap possibilita a abertura de processos eletr\u00f4nicos, documenta\u00e7\u00e3o de projetos de pesquisa e de extens\u00e3o, tramita\u00e7\u00e3o de documentos de Gest\u00e3o de Pessoas, entre outras fun\u00e7\u00f5es.<\/p>\n\n\n\n<p>Com a ades\u00e3o aos trabalhos e estudos remotos e a migra\u00e7\u00e3o dos estudantes do antigo sistema para o atual, o Suap colaborou ainda mais com a rotina de servidores e estudantes do instituto. Para que isso acontecesse de forma plena, o sistema necessitou de mais aten\u00e7\u00e3o e da manuten\u00e7\u00e3o dos profissionais de T.I. Al\u00e9m do apoio t\u00e9cnico na plataforma, a DGTI prestou tamb\u00e9m atendimento direto aos usu\u00e1rios do sistema.<\/p>\n\n\n\n<p>\u201cO processo de implanta\u00e7\u00e3o do SUAP est\u00e1 sendo fundamental durante esse per\u00edodo de pandemia, pois possibilitou a continuidade das atividades administrativas por meio da tramita\u00e7\u00e3o de documentos e processos eletr\u00f4nicos\u201d, comentou o Diretor de TI, Robson Ramos.<\/p>\n\n\n\n<h4 class=\"wp-block-heading\">2.&nbsp;<strong>Eventos readaptados para o formato online<\/strong><\/h4>\n\n\n\n<p>O ano de 2020 exigiu tamb\u00e9m maior contato virtual entre servidores, estudantes e comunidade externa do IF Baiano. Os eventos&nbsp;<em>online&nbsp;<\/em>foram exemplos de integra\u00e7\u00e3o para a troca de conhecimento atrav\u00e9s de suportes tecnol\u00f3gicos e da internet.<\/p>\n\n\n\n<p>Foram realizados semin\u00e1rios, congressos, cursos, oficinas e outros encontros, os quais, diante do esquema de organiza\u00e7\u00e3o da DGTI, aconteceram de forma plena, j\u00e1 que o setor esteve pronto para garantir o acesso dos servidores via plataforma Video@RNP, na qual ocorreu a transmiss\u00e3o dos eventos, e para viabilizar inscri\u00e7\u00f5es e acessos de participantes aos certificados por meio do Suap.<\/p>\n\n\n\n<p>\u201cCom a n\u00e3o possibilidade do trabalho presencial, a diretoria foi demandada intensamente por solu\u00e7\u00f5es, foi consultada, e atuou em conjunto com os&nbsp;<em>campi&nbsp;<\/em>e as pr\u00f3-reitorias na busca por alternativas para o desempenho dos trabalhos de forma remota\u201d, explicou Ramos.<\/p>\n\n\n\n<h4 class=\"wp-block-heading\">3.&nbsp;<strong>E-mail institucional para estudantes e acesso ao pacote Office<\/strong><\/h4>\n\n\n\n<p>Devido \u00e0 grande demanda de tramita\u00e7\u00f5es&nbsp;<em>online<\/em>&nbsp;e com o objetivo de facilitar o envio e o recebimento de arquivos institucionais, e at\u00e9 mesmo a produ\u00e7\u00e3o deles, a DGTI disponibilizou, em dezembro de 2020, o credenciamento dos estudantes do IF Baiano no e-mail institucional, al\u00e9m do acesso \u00e0 solu\u00e7\u00e3o&nbsp;<a href=\"https:\/\/outlook.office365.com\/owa\/\"><strong>Office 365 A1<\/strong><\/a>, que permite a utiliza\u00e7\u00e3o gratuita de programas como Word, Excel, Powerpoint, entre outros.<\/p>\n\n\n\n<p>Os servi\u00e7os foram viabilizados por meio de uma&nbsp;<a href=\"https:\/\/www.rnp.br\/arquivos\/documents\/RNP_Termo%20de%20coopera%C3%A7%C3%A3o%20t%C3%A9cnica%20Microsoft_agosto_2018.pdf?5YerLjU_ikeZmLNhsLIQHxoDrVgg3lve=\"><strong>parceria entre IF Baiano, RNP e Microsoft<\/strong><\/a>.<\/p>\n\n\n\n<p><a href=\"https:\/\/ifbaiano.edu.br\/portal\/blog\/estudantes-do-if-baiano-passam-a-ter-e-mail-institucional-e-acesso-gratuito-ao-pacote-office\/\"><u>Saiba mais sobre o acesso ao e-mail e solu\u00e7\u00e3o Office 365 A1<\/u><\/a><\/p>\n\n\n\n<hr class=\"wp-block-separator\" \/>\n\n\n\n<p>Mat\u00e9ria Ascom dispon\u00edvel em: https:\/\/ifbaiano.edu.br\/portal\/blog\/retrospectiva-2020-tres-vezes-em-que-area-de-tecnologia-foi-essencial\/<\/p>\n","protected":false},"excerpt":{"rendered":"<p>.<\/p>\n","protected":false},"author":86,"featured_media":14610,"comment_status":"closed","ping_status":"closed","sticky":false,"template":"","format":"standard","meta":[],"categories":[4,57],"tags":[],"_links":{"self":[{"href":"https:\/\/www.ifbaiano.edu.br\/unidades\/santaines\/wp-json\/wp\/v2\/posts\/14635"}],"collection":[{"href":"https:\/\/www.ifbaiano.edu.br\/unidades\/santaines\/wp-json\/wp\/v2\/posts"}],"about":[{"href":"https:\/\/www.ifbaiano.edu.br\/unidades\/santaines\/wp-json\/wp\/v2\/types\/post"}],"author":[{"embeddable":true,"href":"https:\/\/www.ifbaiano.edu.br\/unidades\/santaines\/wp-json\/wp\/v2\/users\/86"}],"replies":[{"embeddable":true,"href":"https:\/\/www.ifbaiano.edu.br\/unidades\/santaines\/wp-json\/wp\/v2\/comments?post=14635"}],"version-history":[{"count":1,"href":"https:\/\/www.ifbaiano.edu.br\/unidades\/santaines\/wp-json\/wp\/v2\/posts\/14635\/revisions"}],"predecessor-version":[{"id":14636,"href":"https:\/\/www.ifbaiano.edu.br\/unidades\/santaines\/wp-json\/wp\/v2\/posts\/14635\/revisions\/14636"}],"wp:featuredmedia":[{"embeddable":true,"href":"https:\/\/www.ifbaiano.edu.br\/unidades\/santaines\/wp-json\/wp\/v2\/media\/14610"}],"wp:attachment":[{"href":"https:\/\/www.ifbaiano.edu.br\/unidades\/santaines\/wp-json\/wp\/v2\/media?parent=14635"}],"wp:term":[{"taxonomy":"category","embeddable":true,"href":"https:\/\/www.ifbaiano.edu.br\/unidades\/santaines\/wp-json\/wp\/v2\/categories?post=14635"},{"taxonomy":"post_tag","embeddable":true,"href":"https:\/\/www.ifbaiano.edu.br\/unidades\/santaines\/wp-json\/wp\/v2\/tags?post=14635"}],"curies":[{"name":"wp","href":"https:\/\/api.w.org\/{rel}","templated":true}]}}