{"id":1467,"date":"2012-03-23T10:32:27","date_gmt":"2012-03-23T13:32:27","guid":{"rendered":"http:\/\/www.ifbaiano.edu.br\/unidades\/santaines\/?p=1467"},"modified":"2012-03-23T10:32:27","modified_gmt":"2012-03-23T13:32:27","slug":"abertas-inscricoes-para-vagas-remanescentes-do-processo-seletivo-2012-2","status":"publish","type":"post","link":"https:\/\/www.ifbaiano.edu.br\/unidades\/santaines\/abertas-inscricoes-para-vagas-remanescentes-do-processo-seletivo-2012-2\/","title":{"rendered":"Abertas inscri\u00e7\u00f5es para vagas remanescentes do Processo Seletivo 2012"},"content":{"rendered":"<p>A inscri\u00e7\u00e3o no Processo de Sele\u00e7\u00e3o para preenchimento de vagas remanescentes poder\u00e1 ser efetuada atrav\u00e9s de Ficha de Inscri\u00e7\u00e3o, no per\u00edodo de 14 a 20 de mar\u00e7o de 2012, na Secretaria de Registros Acad\u00eamicos do Campus, das 7h30 \u00e0s 11h30 e das 13h30 \u00e0s 17h30, ou at\u00e9 o dia 22 de mar\u00e7o, atrav\u00e9s do envio da ficha de inscri\u00e7\u00e3o, devidamente preenchida, para o e-mail: <a href=\"mailto:secretaria@si.ifbaiano.edu.br\">secretaria@si.ifbaiano.edu.br<\/a>.<\/p>\n<p>Para maiores informa\u00e7\u00f5es acesse o edital <a href=\"http:\/\/www.ifbaiano.edu.br\/unidades\/santaines\/files\/2012\/03\/Edital-VagaS_REMANESCENTES-3.pdf\">aqui<\/a><\/p>\n","protected":false},"excerpt":{"rendered":"<p>A inscri\u00e7\u00e3o no Processo de Sele\u00e7\u00e3o para preenchimento de vagas remanescentes poder\u00e1 ser efetuada atrav\u00e9s de Ficha de Inscri\u00e7\u00e3o, no per\u00edodo de 14 a 20 de mar\u00e7o de 2012, na Secretaria de Registros Acad\u00eamicos do Campus, das 7h30 \u00e0s 11h30 e das 13h30 \u00e0s 17h30, ou at\u00e9 o dia 22 de mar\u00e7o, atrav\u00e9s do envio [&hellip;]<\/p>\n","protected":false},"author":26,"featured_media":0,"comment_status":"closed","ping_status":"closed","sticky":false,"template":"","format":"standard","meta":[],"categories":[10],"tags":[],"_links":{"self":[{"href":"https:\/\/www.ifbaiano.edu.br\/unidades\/santaines\/wp-json\/wp\/v2\/posts\/1467"}],"collection":[{"href":"https:\/\/www.ifbaiano.edu.br\/unidades\/santaines\/wp-json\/wp\/v2\/posts"}],"about":[{"href":"https:\/\/www.ifbaiano.edu.br\/unidades\/santaines\/wp-json\/wp\/v2\/types\/post"}],"author":[{"embeddable":true,"href":"https:\/\/www.ifbaiano.edu.br\/unidades\/santaines\/wp-json\/wp\/v2\/users\/26"}],"replies":[{"embeddable":true,"href":"https:\/\/www.ifbaiano.edu.br\/unidades\/santaines\/wp-json\/wp\/v2\/comments?post=1467"}],"version-history":[{"count":2,"href":"https:\/\/www.ifbaiano.edu.br\/unidades\/santaines\/wp-json\/wp\/v2\/posts\/1467\/revisions"}],"predecessor-version":[{"id":1469,"href":"https:\/\/www.ifbaiano.edu.br\/unidades\/santaines\/wp-json\/wp\/v2\/posts\/1467\/revisions\/1469"}],"wp:attachment":[{"href":"https:\/\/www.ifbaiano.edu.br\/unidades\/santaines\/wp-json\/wp\/v2\/media?parent=1467"}],"wp:term":[{"taxonomy":"category","embeddable":true,"href":"https:\/\/www.ifbaiano.edu.br\/unidades\/santaines\/wp-json\/wp\/v2\/categories?post=1467"},{"taxonomy":"post_tag","embeddable":true,"href":"https:\/\/www.ifbaiano.edu.br\/unidades\/santaines\/wp-json\/wp\/v2\/tags?post=1467"}],"curies":[{"name":"wp","href":"https:\/\/api.w.org\/{rel}","templated":true}]}}