{"id":14710,"date":"2021-02-24T18:49:05","date_gmt":"2021-02-24T21:49:05","guid":{"rendered":"https:\/\/www.ifbaiano.edu.br\/unidades\/santaines\/?p=14710"},"modified":"2021-03-04T18:19:34","modified_gmt":"2021-03-04T21:19:34","slug":"campus-santa-ines-oferta-curso-de-formacao-em-experimentos-pedagogicos-para-escolas-do-campo","status":"publish","type":"post","link":"https:\/\/www.ifbaiano.edu.br\/unidades\/santaines\/campus-santa-ines-oferta-curso-de-formacao-em-experimentos-pedagogicos-para-escolas-do-campo\/","title":{"rendered":"Campus Santa In\u00eas oferta Curso de Forma\u00e7\u00e3o em Experimentos Pedag\u00f3gicos para Escolas do Campo"},"content":{"rendered":"\n<p>O Instituto Federal Baiano <em>Campus <\/em>Santa In\u00eas divulga que, no per\u00edodo de 05 a 15 de mar\u00e7o estar\u00e3o abertas as inscri\u00e7\u00f5es para o Curso de Forma\u00e7\u00e3o em Experimentos Pedag\u00f3gicos para Escolas do Campo. &nbsp;O curso de forma\u00e7\u00e3o continuada \u00e9 uma das atividades realizadas no \u00e2mbito do &#8220;Projeto Debatendo com\/na escola b\u00e1sica: o uso de t\u00f3xicos no agro brasileiro&#8221; (Edital de Extens\u00e3o n\u00ba 02\/2020\/PROEX\/CPPEX\/IFBAIANO) executado pelo Grupo de Pesquisa em Quest\u00f5es Agr\u00e1rias do IF Baiano \u2013 NEQA\/CNPq, coordenado pela professora Aline dos Santos Lima<a>.<\/a><\/p>\n\n\n\n<p>Com per\u00edodo previsto para realiza\u00e7\u00e3o de abril a junho de 2021, o curso tem como objetivo contribuir com a forma\u00e7\u00e3o continuada dos professores e professoras da Educa\u00e7\u00e3o B\u00e1sica do Territ\u00f3rio de Identidade Vale do Jiquiri\u00e7\u00e1 a partir da socializa\u00e7\u00e3o de experi\u00eancias\/saberes articulado com a sistematiza\u00e7\u00e3o do conhecimento produzidos nas Escolas do Campo.<\/p>\n\n\n\n<p>Ser\u00e3o disponibilizadas 25 vagas destinadas a professoras e professores da Educa\u00e7\u00e3o B\u00e1sica do Territ\u00f3rio de Identidade Vale do Jiquiri\u00e7\u00e1. Desse total, ser\u00e3o destinadas 05 vagas para estudantes das licenciaturas ou licenciadas e licenciados que tenham interesse em atuar em escolas do campo. O curso totalizar\u00e1 45h de atividades, dividas em 04 m\u00f3dulos que abordar\u00e3o temas relacionados \u00e0 Quest\u00e3o Agr\u00e1ria e Estrutura fundi\u00e1ria, Educa\u00e7\u00e3o do Campo, o uso de agrot\u00f3xicos e a produ\u00e7\u00e3o de alimentos e agroecologia tendo como base de reflex\u00e3o a realidade do Vale do Jiquiri\u00e7\u00e1.<\/p>\n\n\n\n<p>Os encontros ser\u00e3o realizados de forma remota, com momentos s\u00edncronas e ass\u00edncronas por meios de plataformas digitais. A periocidade, o dia e turno para realiza\u00e7\u00e3o dos encontros ser\u00e3o definidos a partir dos indicativos no formul\u00e1rio de inscri\u00e7\u00e3o.<\/p>\n\n\n\n<p>As inscri\u00e7\u00f5es s\u00e3o gratuitas. Para se inscrever basta acessar o formul\u00e1rio de inscri\u00e7\u00e3o <strong><a href=\"https:\/\/forms.gle\/5HRzDVRrafVt7pJQ7\">nesse LINK<\/a><\/strong>. <\/p>\n\n\n\n<p>Para maiores informa\u00e7\u00f5es ou em caso de d\u00favidas, dever\u00e1 ser encaminhado  e-mail para: <a href=\"mailto:cursoexperimentospedagogicos@gmail.com\">cursoexperimentospedagogicos@gmail.com<\/a><\/p>\n","protected":false},"excerpt":{"rendered":"<p>As inscri\u00e7\u00f5es estar\u00e3o abertas no per\u00edodo de 05 a 15 de mar\u00e7o de 2021.<\/p>\n","protected":false},"author":86,"featured_media":0,"comment_status":"closed","ping_status":"closed","sticky":false,"template":"","format":"standard","meta":[],"categories":[4,57],"tags":[],"_links":{"self":[{"href":"https:\/\/www.ifbaiano.edu.br\/unidades\/santaines\/wp-json\/wp\/v2\/posts\/14710"}],"collection":[{"href":"https:\/\/www.ifbaiano.edu.br\/unidades\/santaines\/wp-json\/wp\/v2\/posts"}],"about":[{"href":"https:\/\/www.ifbaiano.edu.br\/unidades\/santaines\/wp-json\/wp\/v2\/types\/post"}],"author":[{"embeddable":true,"href":"https:\/\/www.ifbaiano.edu.br\/unidades\/santaines\/wp-json\/wp\/v2\/users\/86"}],"replies":[{"embeddable":true,"href":"https:\/\/www.ifbaiano.edu.br\/unidades\/santaines\/wp-json\/wp\/v2\/comments?post=14710"}],"version-history":[{"count":2,"href":"https:\/\/www.ifbaiano.edu.br\/unidades\/santaines\/wp-json\/wp\/v2\/posts\/14710\/revisions"}],"predecessor-version":[{"id":14728,"href":"https:\/\/www.ifbaiano.edu.br\/unidades\/santaines\/wp-json\/wp\/v2\/posts\/14710\/revisions\/14728"}],"wp:attachment":[{"href":"https:\/\/www.ifbaiano.edu.br\/unidades\/santaines\/wp-json\/wp\/v2\/media?parent=14710"}],"wp:term":[{"taxonomy":"category","embeddable":true,"href":"https:\/\/www.ifbaiano.edu.br\/unidades\/santaines\/wp-json\/wp\/v2\/categories?post=14710"},{"taxonomy":"post_tag","embeddable":true,"href":"https:\/\/www.ifbaiano.edu.br\/unidades\/santaines\/wp-json\/wp\/v2\/tags?post=14710"}],"curies":[{"name":"wp","href":"https:\/\/api.w.org\/{rel}","templated":true}]}}