{"id":14735,"date":"2021-03-09T14:49:57","date_gmt":"2021-03-09T17:49:57","guid":{"rendered":"https:\/\/www.ifbaiano.edu.br\/unidades\/santaines\/?p=14735"},"modified":"2021-03-09T14:49:57","modified_gmt":"2021-03-09T17:49:57","slug":"curso-para-integrantes-do-grupo-de-pesquisa-em-questoes-agrarias-sera-ofertado-on-line","status":"publish","type":"post","link":"https:\/\/www.ifbaiano.edu.br\/unidades\/santaines\/curso-para-integrantes-do-grupo-de-pesquisa-em-questoes-agrarias-sera-ofertado-on-line\/","title":{"rendered":"Curso para integrantes do grupo de pesquisa em Quest\u00f5es Agr\u00e1rias ser\u00e1 ofertado on-line"},"content":{"rendered":"\n<p>O Curso de Forma\u00e7\u00e3o Interna \u201cIntrodu\u00e7\u00e3o ao Geoprocessamento: da teoria \u00e0 pr\u00e1tica \u2013 construindo os primeiros mapas\u201d faz parte das atividades desenvolvidas do projeto de pesquisa intitulado \u201cMapeando a produ\u00e7\u00e3o (in)sustent\u00e1vel de alimentos em Assentamentos de Reforma Agr\u00e1ria em Santa In\u00eas-BA\u201d aprovado no Edital n\u00ba 53, de 07 de abril de 2020 \u2013 Chamada Interna PROPES N\u00ba 01\/2020 &#8211; Edital de Pesquisa e executado pelo Grupo de Pesquisa em Quest\u00f5es Agr\u00e1rias \u2013 NEQA\/IF Baiano\/CNPq.<\/p>\n\n\n\n<p>Ser\u00e3o ofertadas 5 vagas destinadas as bolsistas do projeto e aos membros do NEQA que desejam se qualificar sobre as t\u00e9cnicas de mapeamentos e representa\u00e7\u00e3o espacial. O curso ocorrer\u00e1 de forma virtual, com momentos s\u00edncronos e ass\u00edncronos a partir da realiza\u00e7\u00e3o de atividades te\u00f3ricas e pr\u00e1ticas, contabilizando uma carga horaria de 60h.<\/p>\n\n\n\n<p>Um pr\u00e9-requisito necess\u00e1rio para participa\u00e7\u00e3o ao curso \u00e9 ter cursado Cartografia Sistem\u00e1tica e Cartografia Tem\u00e1tica. O per\u00edodo de previsto para realiza\u00e7\u00e3o das atividades ser\u00e1 de mar\u00e7o a junho.<\/p>\n\n\n\n<p>Inscri\u00e7\u00f5es: 9 a 14\/03\/2021. Basta enviar e-mail com nome completo e hist\u00f3rico escolar para <a href=\"mailto:aline.lima@ifbaiano.edu.br\">aline.lima@ifbaiano.edu.br<\/a>.<\/p>\n\n\n\n<figure class=\"wp-block-image size-large is-resized\"><img decoding=\"async\" loading=\"lazy\" src=\"https:\/\/www.ifbaiano.edu.br\/unidades\/santaines\/files\/2021\/03\/card-geoprocessamento-santa-ines-08-03-2021-1.png\" alt=\"\" class=\"wp-image-14736\" width=\"522\" height=\"522\" \/><\/figure>\n","protected":false},"excerpt":{"rendered":"<p>Per\u00edodo de Inscri\u00e7\u00f5es: 9 a 14\/03\/2021<\/p>\n","protected":false},"author":86,"featured_media":0,"comment_status":"closed","ping_status":"closed","sticky":false,"template":"","format":"standard","meta":[],"categories":[4,38,5,57],"tags":[],"_links":{"self":[{"href":"https:\/\/www.ifbaiano.edu.br\/unidades\/santaines\/wp-json\/wp\/v2\/posts\/14735"}],"collection":[{"href":"https:\/\/www.ifbaiano.edu.br\/unidades\/santaines\/wp-json\/wp\/v2\/posts"}],"about":[{"href":"https:\/\/www.ifbaiano.edu.br\/unidades\/santaines\/wp-json\/wp\/v2\/types\/post"}],"author":[{"embeddable":true,"href":"https:\/\/www.ifbaiano.edu.br\/unidades\/santaines\/wp-json\/wp\/v2\/users\/86"}],"replies":[{"embeddable":true,"href":"https:\/\/www.ifbaiano.edu.br\/unidades\/santaines\/wp-json\/wp\/v2\/comments?post=14735"}],"version-history":[{"count":1,"href":"https:\/\/www.ifbaiano.edu.br\/unidades\/santaines\/wp-json\/wp\/v2\/posts\/14735\/revisions"}],"predecessor-version":[{"id":14737,"href":"https:\/\/www.ifbaiano.edu.br\/unidades\/santaines\/wp-json\/wp\/v2\/posts\/14735\/revisions\/14737"}],"wp:attachment":[{"href":"https:\/\/www.ifbaiano.edu.br\/unidades\/santaines\/wp-json\/wp\/v2\/media?parent=14735"}],"wp:term":[{"taxonomy":"category","embeddable":true,"href":"https:\/\/www.ifbaiano.edu.br\/unidades\/santaines\/wp-json\/wp\/v2\/categories?post=14735"},{"taxonomy":"post_tag","embeddable":true,"href":"https:\/\/www.ifbaiano.edu.br\/unidades\/santaines\/wp-json\/wp\/v2\/tags?post=14735"}],"curies":[{"name":"wp","href":"https:\/\/api.w.org\/{rel}","templated":true}]}}